{"id":63661,"date":"2025-09-09T00:22:25","date_gmt":"2025-09-09T00:22:25","guid":{"rendered":"https:\/\/www.europesays.com\/pt\/63661\/"},"modified":"2025-09-09T00:22:25","modified_gmt":"2025-09-09T00:22:25","slug":"eis-os-treinadores-portugueses-atualmente-desempregados","status":"publish","type":"post","link":"https:\/\/www.europesays.com\/pt\/63661\/","title":{"rendered":"eis os treinadores portugueses atualmente desempregados"},"content":{"rendered":"<p><strong>Nuno Esp\u00edrito Santo est\u00e1 perto de deixar o Nottingham Forest e juntar-se a um grupo de treinadores portugueses atualmente sem trabalho.<\/strong><\/p>\n<p>Nuno Esp\u00edrito Santo vai deixar o Nottingham Forest <a href=\"https:\/\/bolanarede.pt\/especial-bola-na-rede\/atualidade\/nuno-espirito-santo-deixa-o-nottingham-forest\/\" target=\"_blank\" rel=\"noreferrer noopener nofollow\">nas pr\u00f3ximas horas <\/a>e prepara-se para se juntar a um grupo de t\u00e9cnicos portugueses que est\u00e3o atualmente sem trabalho. Jos\u00e9 Mourinho tamb\u00e9m se encontra sem emblema, j\u00e1 que saiu do Fenerbah\u00e7e.<\/p>\n<p>Eis a lista de treinadores lusos dispon\u00edveis no mercado (ainda sem Nuno Esp\u00edrito Santo):<\/p>\n<ul class=\"wp-block-list\">\n<li>Jos\u00e9 Mourinho<\/li>\n<li>S\u00e9rgio Concei\u00e7\u00e3o<\/li>\n<li>V\u00edtor Bruno<\/li>\n<li>Rui Jorge<\/li>\n<li>Carlos Carvalhal<\/li>\n<li>Tiago Mendes<\/li>\n<li>Pedro Caixinha<\/li>\n<li>Daniel Sousa<\/li>\n<li>Renato Paiva<\/li>\n<li>Petit<\/li>\n<li>Rui Faria<\/li>\n<li>Paulo Bento<\/li>\n<li>Pepa<\/li>\n<li>\u00c1lvaro Pacheco<\/li>\n<li>Rui Ferreira<\/li>\n<li>Toz\u00e9 Marreco<\/li>\n<li>Jo\u00e3o Pedro Sousa<\/li>\n<li>Jos\u00e9 Peseiro<\/li>\n<li>Moreno<\/li>\n<li>Gon\u00e7alo Feio<\/li>\n<li>H\u00e9lder Cist\u00f3v\u00e3o<\/li>\n<li>Paulo Alves<\/li>\n<li>Ant\u00f3nio Campos<\/li>\n<li>Jorge Sim\u00e3o<\/li>\n<\/ul>\n","protected":false},"excerpt":{"rendered":"Nuno Esp\u00edrito Santo est\u00e1 perto de deixar o Nottingham Forest e juntar-se a um grupo de treinadores portugueses&hellip;\n","protected":false},"author":2,"featured_media":63662,"comment_status":"","ping_status":"","sticky":false,"template":"","format":"standard","meta":{"footnotes":""},"categories":[8],"tags":[260,27,28,15,16,14,1385,25,26,21,22,12,13,19,20,12179,32,23,24,33,5540,17,18,29,30,31],"class_list":{"0":"post-63661","1":"post","2":"type-post","3":"status-publish","4":"format-standard","5":"has-post-thumbnail","7":"category-principais-noticias","8":"tag-atualidade","9":"tag-breaking-news","10":"tag-breakingnews","11":"tag-featured-news","12":"tag-featurednews","13":"tag-headlines","14":"tag-jose-mourinho","15":"tag-latest-news","16":"tag-latestnews","17":"tag-main-news","18":"tag-mainnews","19":"tag-news","20":"tag-noticias","21":"tag-noticias-principais","22":"tag-noticiasprincipais","23":"tag-nuno-espirito-santo","24":"tag-portugal","25":"tag-principais-noticias","26":"tag-principaisnoticias","27":"tag-pt","28":"tag-sergio-conceicao","29":"tag-top-stories","30":"tag-topstories","31":"tag-ultimas","32":"tag-ultimas-noticias","33":"tag-ultimasnoticias"},"share_on_mastodon":{"url":"","error":""},"_links":{"self":[{"href":"https:\/\/www.europesays.com\/pt\/wp-json\/wp\/v2\/posts\/63661","targetHints":{"allow":["GET"]}}],"collection":[{"href":"https:\/\/www.europesays.com\/pt\/wp-json\/wp\/v2\/posts"}],"about":[{"href":"https:\/\/www.europesays.com\/pt\/wp-json\/wp\/v2\/types\/post"}],"author":[{"embeddable":true,"href":"https:\/\/www.europesays.com\/pt\/wp-json\/wp\/v2\/users\/2"}],"replies":[{"embeddable":true,"href":"https:\/\/www.europesays.com\/pt\/wp-json\/wp\/v2\/comments?post=63661"}],"version-history":[{"count":0,"href":"https:\/\/www.europesays.com\/pt\/wp-json\/wp\/v2\/posts\/63661\/revisions"}],"wp:featuredmedia":[{"embeddable":true,"href":"https:\/\/www.europesays.com\/pt\/wp-json\/wp\/v2\/media\/63662"}],"wp:attachment":[{"href":"https:\/\/www.europesays.com\/pt\/wp-json\/wp\/v2\/media?parent=63661"}],"wp:term":[{"taxonomy":"category","embeddable":true,"href":"https:\/\/www.europesays.com\/pt\/wp-json\/wp\/v2\/categories?post=63661"},{"taxonomy":"post_tag","embeddable":true,"href":"https:\/\/www.europesays.com\/pt\/wp-json\/wp\/v2\/tags?post=63661"}],"curies":[{"name":"wp","href":"https:\/\/api.w.org\/{rel}","templated":true}]}}