{"id":63715,"date":"2025-09-09T01:21:13","date_gmt":"2025-09-09T01:21:13","guid":{"rendered":"https:\/\/www.europesays.com\/pt\/63715\/"},"modified":"2025-09-09T01:21:13","modified_gmt":"2025-09-09T01:21:13","slug":"terminal-do-aeroporto-de-heathrow-evacuado-apos-incidente-2","status":"publish","type":"post","link":"https:\/\/www.europesays.com\/pt\/63715\/","title":{"rendered":"Terminal do aeroporto de Heathrow evacuado ap\u00f3s incidente"},"content":{"rendered":"<p class=\"category\"><a href=\"https:\/\/sicnoticias.pt\/mundo\" rel=\"nofollow noopener\" target=\"_blank\">Mundo<\/a><\/p>\n<p class=\"g-article-lead lead\" data-field=\"lead\">Um dos quatros terminais do aeroporto de Heathrow, em Londres, foi evacuado esta segunda-feira ap\u00f3s um \u201cposs\u00edvel incidente com materiais perigosos\u201d. Cerca de 20 pessoas foram atendidas por param\u00e9dicos no local.<\/p>\n<p><img decoding=\"async\" src=\"https:\/\/www.europesays.com\/pt\/wp-content\/uploads\/2025\/09\/1757380873_250_original.webp\" alt=\"Aeroporto de Heathrow\"\/><\/p>\n<p>Aeroporto de Heathrow<\/p>\n<p>Isabel Infantes<\/p>\n<p><strong>Um terminal do aeroporto de Heathrow, em Londres, foi evacuado esta segunda-feira ap\u00f3s um \u201cposs\u00edvel incidente com materiais perigosos\u201d, segundo a <\/strong><a href=\"https:\/\/news.sky.com\/story\/heathrow-airport-terminal-evacuated-as-emergency-services-respond-to-incident-13427251\" target=\"_blank\" rel=\"noopener noreferrer nofollow\"><strong>Sky News<\/strong><\/a><strong>.<\/strong><\/p>\n<blockquote>\n<p>\u201cPedimos aos passageiros que n\u00e3o se desloquem at\u00e9 ao terminal 4 e prestamos apoio aos que est\u00e3o no local. Todos os outros terminais est\u00e3o a operar normalmente. Forneceremos mais informa\u00e7\u00f5es assim que poss\u00edvel\u201d, diz um porta-voz do aeroporto, citado pelo jornal brit\u00e2nico.<\/p>\n<\/blockquote>\n<p>Equipas especializadas foram mobilizadas para o local, revela um porta-voz do corpo de bombeiros de Londres. Nas redes sociais, v\u00eddeos mostram ambul\u00e2ncias no exterior do terminal 4.<\/p>\n<p>Cerca de 20 pessoas foram atendidas por param\u00e9dicos no local. A natureza do incidente n\u00e3o foi divulgada.<\/p>\n<p>Terminal reaberto ap\u00f3s acidente  <\/p>\n<p>O terminal 4 do aeroporto de Heathrow, evacuado na manh\u00e3 desta segunda-feira, foi reaberto durante a tarde. O aeroporto pediu desculpas pela interrup\u00e7\u00e3o e disse estar a fazer \u201ctudo o que pode\u201d para evitar atrasos nos voos.<\/p>\n","protected":false},"excerpt":{"rendered":"Mundo Um dos quatros terminais do aeroporto de Heathrow, em Londres, foi evacuado esta segunda-feira ap\u00f3s um \u201cposs\u00edvel&hellip;\n","protected":false},"author":2,"featured_media":63716,"comment_status":"","ping_status":"","sticky":false,"template":"","format":"standard","meta":{"footnotes":""},"categories":[50],"tags":[27,28,15,16,14,25,26,21,22,62,12,13,19,20,23,24,17,18,29,30,31,63,64,65],"class_list":{"0":"post-63715","1":"post","2":"type-post","3":"status-publish","4":"format-standard","5":"has-post-thumbnail","7":"category-mundo","8":"tag-breaking-news","9":"tag-breakingnews","10":"tag-featured-news","11":"tag-featurednews","12":"tag-headlines","13":"tag-latest-news","14":"tag-latestnews","15":"tag-main-news","16":"tag-mainnews","17":"tag-mundo","18":"tag-news","19":"tag-noticias","20":"tag-noticias-principais","21":"tag-noticiasprincipais","22":"tag-principais-noticias","23":"tag-principaisnoticias","24":"tag-top-stories","25":"tag-topstories","26":"tag-ultimas","27":"tag-ultimas-noticias","28":"tag-ultimasnoticias","29":"tag-world","30":"tag-world-news","31":"tag-worldnews"},"share_on_mastodon":{"url":"","error":""},"_links":{"self":[{"href":"https:\/\/www.europesays.com\/pt\/wp-json\/wp\/v2\/posts\/63715","targetHints":{"allow":["GET"]}}],"collection":[{"href":"https:\/\/www.europesays.com\/pt\/wp-json\/wp\/v2\/posts"}],"about":[{"href":"https:\/\/www.europesays.com\/pt\/wp-json\/wp\/v2\/types\/post"}],"author":[{"embeddable":true,"href":"https:\/\/www.europesays.com\/pt\/wp-json\/wp\/v2\/users\/2"}],"replies":[{"embeddable":true,"href":"https:\/\/www.europesays.com\/pt\/wp-json\/wp\/v2\/comments?post=63715"}],"version-history":[{"count":0,"href":"https:\/\/www.europesays.com\/pt\/wp-json\/wp\/v2\/posts\/63715\/revisions"}],"wp:featuredmedia":[{"embeddable":true,"href":"https:\/\/www.europesays.com\/pt\/wp-json\/wp\/v2\/media\/63716"}],"wp:attachment":[{"href":"https:\/\/www.europesays.com\/pt\/wp-json\/wp\/v2\/media?parent=63715"}],"wp:term":[{"taxonomy":"category","embeddable":true,"href":"https:\/\/www.europesays.com\/pt\/wp-json\/wp\/v2\/categories?post=63715"},{"taxonomy":"post_tag","embeddable":true,"href":"https:\/\/www.europesays.com\/pt\/wp-json\/wp\/v2\/tags?post=63715"}],"curies":[{"name":"wp","href":"https:\/\/api.w.org\/{rel}","templated":true}]}}