{"id":63721,"date":"2025-09-09T01:26:22","date_gmt":"2025-09-09T01:26:22","guid":{"rendered":"https:\/\/www.europesays.com\/pt\/63721\/"},"modified":"2025-09-09T01:26:22","modified_gmt":"2025-09-09T01:26:22","slug":"ufmg-universidade-federal-de-minas-gerais-4","status":"publish","type":"post","link":"https:\/\/www.europesays.com\/pt\/63721\/","title":{"rendered":"UFMG &#8211; Universidade Federal de Minas Gerais"},"content":{"rendered":"<p>Estudantes da UFMG escreveram um livro em homenagem a N\u00eago Bispo,\u00a0uma das principais vozes do pensamento das comunidades tradicionais do Brasil. A obra Exist\u00eancias cr\u00f4nicas\u00a0\u00e9 fruto de reflex\u00f5es sobre a racializa\u00e7\u00e3o da exist\u00eancia despertadas por uma lista de obras, majoritariamente negras, sugerida, em 2024, em uma disciplina na p\u00f3s-gradua\u00e7\u00e3o em Direito da UFMG.<\/p>\n<p>A equipe da TV UFMG entrevistou dois autores do livro, e eles\u00a0relatam\u00a0como se deu o processo\u00a0da escrita.\u00a0<\/p>\n<p>Morto em dezembro de 2023, N\u00eago Bispo\u00a0viveu no Quilombo do Saco-Curtume, no Piau\u00ed, e foi\u00a0poeta, escritor, professor, ativista pol\u00edtico e militante do movimento social quilombola e de direitos pelo uso da terra, notabilizando-se\u00a0como um dos principais cr\u00edticos do modo como os povos origin\u00e1rios (ind\u00edgenas) e os afrodiasp\u00f3ricos s\u00e3o tratados no Brasil. \u201cSempre fomos tratados de forma coisificada. Os ind\u00edgenas s\u00e3o vistos historicamente\u00a0como selvagens, e os afro, como pertencentes a organiza\u00e7\u00f5es criminosas\u201d, afirmou Bispo, em 2020, durante a\u00a0confer\u00eancia de abertura do Festival de Inverno, que teve\u00a0<a href=\"https:\/\/ufmg.br\/comunicacao\/noticias\/nao-me-mandem-fazer-direito-eu-nao-sou-colonizado-provoca-nego-bispo\" target=\"_blank\" rel=\"nofollow noopener\">cobertura do Portal UFMG<\/a>.\u00a0<\/p>\n<p><strong>Equipe<br \/><\/strong>Produ\u00e7\u00e3o, reportagem e edi\u00e7\u00e3o de conte\u00fado: Soraya Fideles<br \/>Imagens: Samuel do Vale e \u00c2ngelo Ara\u00fajo<br \/>Edi\u00e7\u00e3o de imagens: Katharinne Honorata<br \/>Transporte: Eudes Catizane<\/p>\n","protected":false},"excerpt":{"rendered":"Estudantes da UFMG escreveram um livro em homenagem a N\u00eago Bispo,\u00a0uma das principais vozes do pensamento das comunidades&hellip;\n","protected":false},"author":2,"featured_media":63722,"comment_status":"","ping_status":"","sticky":false,"template":"","format":"standard","meta":{"footnotes":""},"categories":[143],"tags":[6838,6840,6846,877,6842,169,109,315,6850,6849,6848,6851,535,6843,114,115,6837,6844,6845,17623,6835,170,6839,1499,6847,1348,32,6836,33,6852,1522,17622,6833,6834,6841,3058],"class_list":{"0":"post-63721","1":"post","2":"type-post","3":"status-publish","4":"format-standard","5":"has-post-thumbnail","7":"category-livros","8":"tag-area-verde","9":"tag-assistencia-estudantil","10":"tag-belo-horizonte","11":"tag-biblioteca","12":"tag-bolsa-e-moradia-estudantis","13":"tag-books","14":"tag-ciencia","15":"tag-cultura","16":"tag-curso-a-distancia","17":"tag-curso-superior","18":"tag-cursos-gratuitos","19":"tag-divulgacao-cientifica","20":"tag-ensino","21":"tag-ensino-de-qualidade","22":"tag-entertainment","23":"tag-entretenimento","24":"tag-extensao","25":"tag-faculdade-mineira","26":"tag-federal-de-minas","27":"tag-festival-de-inverno","28":"tag-graduacao","29":"tag-livros","30":"tag-melhor-universidade-do-brasil","31":"tag-minas-gerais","32":"tag-montes-claros","33":"tag-pesquisa","34":"tag-portugal","35":"tag-pos-graduacao","36":"tag-pt","37":"tag-sisu","38":"tag-tiradentes","39":"tag-tv-ufmg","40":"tag-ufmg","41":"tag-universidade-federal-de-minas-gerais","42":"tag-universidade-gratuita","43":"tag-vestibular"},"share_on_mastodon":{"url":"","error":""},"_links":{"self":[{"href":"https:\/\/www.europesays.com\/pt\/wp-json\/wp\/v2\/posts\/63721","targetHints":{"allow":["GET"]}}],"collection":[{"href":"https:\/\/www.europesays.com\/pt\/wp-json\/wp\/v2\/posts"}],"about":[{"href":"https:\/\/www.europesays.com\/pt\/wp-json\/wp\/v2\/types\/post"}],"author":[{"embeddable":true,"href":"https:\/\/www.europesays.com\/pt\/wp-json\/wp\/v2\/users\/2"}],"replies":[{"embeddable":true,"href":"https:\/\/www.europesays.com\/pt\/wp-json\/wp\/v2\/comments?post=63721"}],"version-history":[{"count":0,"href":"https:\/\/www.europesays.com\/pt\/wp-json\/wp\/v2\/posts\/63721\/revisions"}],"wp:featuredmedia":[{"embeddable":true,"href":"https:\/\/www.europesays.com\/pt\/wp-json\/wp\/v2\/media\/63722"}],"wp:attachment":[{"href":"https:\/\/www.europesays.com\/pt\/wp-json\/wp\/v2\/media?parent=63721"}],"wp:term":[{"taxonomy":"category","embeddable":true,"href":"https:\/\/www.europesays.com\/pt\/wp-json\/wp\/v2\/categories?post=63721"},{"taxonomy":"post_tag","embeddable":true,"href":"https:\/\/www.europesays.com\/pt\/wp-json\/wp\/v2\/tags?post=63721"}],"curies":[{"name":"wp","href":"https:\/\/api.w.org\/{rel}","templated":true}]}}