{"id":63795,"date":"2025-09-09T02:20:15","date_gmt":"2025-09-09T02:20:15","guid":{"rendered":"https:\/\/www.europesays.com\/pt\/63795\/"},"modified":"2025-09-09T02:20:15","modified_gmt":"2025-09-09T02:20:15","slug":"billy-porter-de-pose-e-diagnosticado-com-quadro-grave-de-sepse-e-se-afasta-de-peca-na-broadway","status":"publish","type":"post","link":"https:\/\/www.europesays.com\/pt\/63795\/","title":{"rendered":"Billy Porter, de &#8216;Pose&#8217;, \u00e9 diagnosticado com quadro grave de sepse e se afasta de pe\u00e7a na Broadway"},"content":{"rendered":"\n<p class=\" content-text__container theme-color-primary-first-letter\" data-track-category=\"Link no Texto\" data-track-links=\"\"> Conhecido por interpretar Pray Tell na s\u00e9rie &#8220;Pose&#8221;, o ator americano Billy Porter est\u00e1 afastado do revival de &#8220;Cabaret&#8221;, na Broadway, devido a um grave quadro de sepse. A situa\u00e7\u00e3o levou produtores a anteciparem o encerramento da produ\u00e7\u00e3o para 21 de setembro. <\/p>\n<ul class=\"content-unordered-list\">\n<li><strong>Angela Ro Ro<\/strong>: <a class=\"\" href=\"https:\/\/oglobo.globo.com\/cultura\/noticia\/2025\/09\/08\/angela-ro-ro-relembre-frases-e-historias-marcantes-da-cantora-que-morreu-aos-75-anos.ghtml\" rel=\"nofollow noopener\" target=\"_blank\">Relembre frases e hist\u00f3rias marcantes da cantora, que morreu aos 75 anos<\/a><\/li>\n<li><strong>&#8216;Franqueza, sorriso aberto e melancolia&#8217;<\/strong>: <a class=\"\" href=\"https:\/\/oglobo.globo.com\/cultura\/noticia\/2025\/09\/08\/famosos-lamentam-morte-de-angela-ro-ro-mpb-perdeu-a-franqueza-o-sorriso-aberto-e-a-melancolia.ghtml\" rel=\"nofollow noopener\" target=\"_blank\">Famosos lamentam morte de Angela Ro Ro<\/a><\/li>\n<\/ul>\n<p class=\" content-text__container \" data-track-category=\"Link no Texto\" data-track-links=\"\"> Porter, que interpretava Emcee desde julho, ficar\u00e1 em repouso nas pr\u00f3ximas semanas. O quadro de sa\u00fade o manteve afastado da produ\u00e7\u00e3o recentemente e o impedir\u00e1 de retornar. <\/p>\n<p class=\" content-text__container \" data-track-category=\"Link no Texto\" data-track-links=\"\"> \u201cSeus m\u00e9dicos est\u00e3o confiantes de que ele ter\u00e1 uma recupera\u00e7\u00e3o completa,\u201d acrescentaram os produtores, \u201cmas o aconselharam a manter um per\u00edodo de descanso nas pr\u00f3ximas semanas.\u201d <\/p>\n<p class=\" content-text__container \" data-track-category=\"Link no Texto\" data-track-links=\"\"> A produ\u00e7\u00e3o estreou em Nova York na primavera de 2024, no August Wilson Theater, transformado em um ambiente de clube, com apresenta\u00e7\u00f5es pr\u00e9-show no sagu\u00e3o e fileiras de assentos com pequenas mesas de caf\u00e9 ao redor do palco. <\/p>\n<p class=\" content-text__container \" data-track-category=\"Link no Texto\" data-track-links=\"\"> Apesar do in\u00edcio promissor, a arrecada\u00e7\u00e3o caiu ap\u00f3s a chegada de Porter e de sua coestrela Marisha Wallace, que interpreta Sally Bowles. A arrecada\u00e7\u00e3o semanal, que chegou a US$ 2 milh\u00f5es em maio, caiu para US$ 505 mil na \u00faltima semana de agosto. <\/p>\n<p class=\" content-text__container \" data-track-category=\"Link no Texto\" data-track-links=\"\"> Dirigido por Rebecca Frecknall, o espet\u00e1culo recebeu cr\u00edticas mistas e foi indicado a nove pr\u00eamios Tony, vencendo um pelo design c\u00eanico. <\/p>\n<p class=\" content-text__container \" data-track-category=\"Link no Texto\" data-track-links=\"\"> A mesma produ\u00e7\u00e3o continua em cartaz em Londres, onde j\u00e1 teve sucesso e conquistou diversos Olivier Awards em 2022. <\/p>\n","protected":false},"excerpt":{"rendered":"Conhecido por interpretar Pray Tell na s\u00e9rie &#8220;Pose&#8221;, o ator americano Billy Porter est\u00e1 afastado do revival de&hellip;\n","protected":false},"author":2,"featured_media":63796,"comment_status":"","ping_status":"","sticky":false,"template":"","format":"standard","meta":{"footnotes":""},"categories":[145],"tags":[211,210,114,115,319,32,33,318],"class_list":{"0":"post-63795","1":"post","2":"type-post","3":"status-publish","4":"format-standard","5":"has-post-thumbnail","7":"category-celebridades","8":"tag-celebridades","9":"tag-celebrities","10":"tag-entertainment","11":"tag-entretenimento","12":"tag-hard-news","13":"tag-portugal","14":"tag-pt","15":"tag-radar"},"share_on_mastodon":{"url":"","error":""},"_links":{"self":[{"href":"https:\/\/www.europesays.com\/pt\/wp-json\/wp\/v2\/posts\/63795","targetHints":{"allow":["GET"]}}],"collection":[{"href":"https:\/\/www.europesays.com\/pt\/wp-json\/wp\/v2\/posts"}],"about":[{"href":"https:\/\/www.europesays.com\/pt\/wp-json\/wp\/v2\/types\/post"}],"author":[{"embeddable":true,"href":"https:\/\/www.europesays.com\/pt\/wp-json\/wp\/v2\/users\/2"}],"replies":[{"embeddable":true,"href":"https:\/\/www.europesays.com\/pt\/wp-json\/wp\/v2\/comments?post=63795"}],"version-history":[{"count":0,"href":"https:\/\/www.europesays.com\/pt\/wp-json\/wp\/v2\/posts\/63795\/revisions"}],"wp:featuredmedia":[{"embeddable":true,"href":"https:\/\/www.europesays.com\/pt\/wp-json\/wp\/v2\/media\/63796"}],"wp:attachment":[{"href":"https:\/\/www.europesays.com\/pt\/wp-json\/wp\/v2\/media?parent=63795"}],"wp:term":[{"taxonomy":"category","embeddable":true,"href":"https:\/\/www.europesays.com\/pt\/wp-json\/wp\/v2\/categories?post=63795"},{"taxonomy":"post_tag","embeddable":true,"href":"https:\/\/www.europesays.com\/pt\/wp-json\/wp\/v2\/tags?post=63795"}],"curies":[{"name":"wp","href":"https:\/\/api.w.org\/{rel}","templated":true}]}}