{"id":63811,"date":"2025-09-09T02:31:05","date_gmt":"2025-09-09T02:31:05","guid":{"rendered":"https:\/\/www.europesays.com\/pt\/63811\/"},"modified":"2025-09-09T02:31:05","modified_gmt":"2025-09-09T02:31:05","slug":"ue-coordena-com-eua-novas-sancoes-a-russia","status":"publish","type":"post","link":"https:\/\/www.europesays.com\/pt\/63811\/","title":{"rendered":"UE coordena com EUA novas san\u00e7\u00f5es \u00e0 R\u00fassia"},"content":{"rendered":"<p>&#13;<br \/>\nN\u00e3o se conhecem em concreto as novas san\u00e7\u00f5es, mas a Bloomberg News adianta que a Uni\u00e3o Europeia est\u00e1 a mirar o alvo contra <b>meia d\u00fazia de bancos com liga\u00e7\u00f5es a empresas russas de energia.<br \/>&#13;<br \/>\n<\/b>&#13;\n<\/p>\n<p>&#13;<br \/>\nDe acordo com \u201cpessoas familiarizadas com o assunto\u201d, a Bloomberg News revela ainda que o pacote pode incluir <b>medidas contra os sistemas de pagamento e cart\u00f5es de cr\u00e9dito da R\u00fassia<\/b> e as <b>bolsas de criptomoedas<\/b>.&#13;\n<\/p>\n<p>&#13;<br \/>\n<br \/>&#13;<br \/>\nPara al\u00e9m de novas restri\u00e7\u00f5es ao com\u00e9rcio de petr\u00f3leo russo que podem visar pa\u00edses que compram hidrocarbonetos russos, segundo diplomatas em Bruxelas.&#13;\n<\/p>\n<p>&#13;<br \/>\nA Washington vai chegar, esta segunda-feira, o <b>enviado especial da UE<\/b> para as san\u00e7\u00f5es contra a R\u00fassia. David O&#8217;Sullivan (o \u201csenhor san\u00e7\u00f5es\u201d da Uni\u00e3o Europeia) vai reunir-se com respons\u00e1veis norte-americanos.\u00a0&#13;\n<\/p>\n<p>&#13;<br \/>\nUm encontro ap\u00f3s as declara\u00e7\u00f5es de Donald Trump ter <b>apelado a um aperto das san\u00e7\u00f5es contra a R\u00fassia<\/b>.\u00a0As conversa\u00e7\u00f5es devem continuar na ter\u00e7a-feira.\u00a0&#13;\n<\/p>\n<p>Questionado no domingo na Casa Branca sobre se estava pronto para lan\u00e7ar uma nova fase de san\u00e7\u00f5es contra a R\u00fassia, o presidente norte-americano respondeu: <b>\u201csim, estou\u201d<\/b>. \u201cN\u00e3o estou contente. N\u00e3o estou contente com a situa\u00e7\u00e3o toda\u201d, assegurou Trump aos jornalistas que o questionaram sobre o ataque ocorrido no domingo de manh\u00e3.<\/p>\n<p>&#13;<br \/>\nNa noite de s\u00e1bado para domingo, a <b>R\u00fassia disparou 810 drones e 13 m\u00edsseis contra a Ucr\u00e2nia<\/b>, segundo a For\u00e7a A\u00e9rea ucraniana.\u00a0&#13;\n<\/p>\n<p>&#13;<br \/>\nTrata-se do <b>maior ataque a\u00e9reo<\/b> desde o in\u00edcio da guerra, em fevereiro de 2022.&#13;\n<\/p>\n<p>&#13;<br \/>\nEntretanto, o <b>ministro alem\u00e3o dos Neg\u00f3cios Estrangeiros<\/b> denuncia hoje que a R\u00fassia est\u00e1 a fazer tudo para <b>evitar uma cimeira com a Ucr\u00e2nia e os Estados Unidos<\/b>. Em vez disso, continua a atacar a Ucr\u00e2nia.&#13;\n<\/p>\n<p>\u201cTr\u00eas semanas ap\u00f3s a cimeira do Alasca, temos que perceber que a <b>R\u00fassia est\u00e1 a utilizar todas as desculpas para continuar a guerra <\/b>e evitar uma cimeira tripartida\u201d, lembra o ministro Johann Wadephul, durante uma reuni\u00e3o de embaixadores em Berlim.<\/p>\n","protected":false},"excerpt":{"rendered":"&#13; N\u00e3o se conhecem em concreto as novas san\u00e7\u00f5es, mas a Bloomberg News adianta que a Uni\u00e3o Europeia&hellip;\n","protected":false},"author":2,"featured_media":63812,"comment_status":"","ping_status":"","sticky":false,"template":"","format":"standard","meta":{"footnotes":""},"categories":[50],"tags":[27,28,15,16,14,25,26,21,22,62,12,13,19,20,23,24,420,421,17,18,29,30,31,63,64,65],"class_list":{"0":"post-63811","1":"post","2":"type-post","3":"status-publish","4":"format-standard","5":"has-post-thumbnail","7":"category-mundo","8":"tag-breaking-news","9":"tag-breakingnews","10":"tag-featured-news","11":"tag-featurednews","12":"tag-headlines","13":"tag-latest-news","14":"tag-latestnews","15":"tag-main-news","16":"tag-mainnews","17":"tag-mundo","18":"tag-news","19":"tag-noticias","20":"tag-noticias-principais","21":"tag-noticiasprincipais","22":"tag-principais-noticias","23":"tag-principaisnoticias","24":"tag-rtp","25":"tag-rtp-noticias","26":"tag-top-stories","27":"tag-topstories","28":"tag-ultimas","29":"tag-ultimas-noticias","30":"tag-ultimasnoticias","31":"tag-world","32":"tag-world-news","33":"tag-worldnews"},"share_on_mastodon":{"url":"","error":""},"_links":{"self":[{"href":"https:\/\/www.europesays.com\/pt\/wp-json\/wp\/v2\/posts\/63811","targetHints":{"allow":["GET"]}}],"collection":[{"href":"https:\/\/www.europesays.com\/pt\/wp-json\/wp\/v2\/posts"}],"about":[{"href":"https:\/\/www.europesays.com\/pt\/wp-json\/wp\/v2\/types\/post"}],"author":[{"embeddable":true,"href":"https:\/\/www.europesays.com\/pt\/wp-json\/wp\/v2\/users\/2"}],"replies":[{"embeddable":true,"href":"https:\/\/www.europesays.com\/pt\/wp-json\/wp\/v2\/comments?post=63811"}],"version-history":[{"count":0,"href":"https:\/\/www.europesays.com\/pt\/wp-json\/wp\/v2\/posts\/63811\/revisions"}],"wp:featuredmedia":[{"embeddable":true,"href":"https:\/\/www.europesays.com\/pt\/wp-json\/wp\/v2\/media\/63812"}],"wp:attachment":[{"href":"https:\/\/www.europesays.com\/pt\/wp-json\/wp\/v2\/media?parent=63811"}],"wp:term":[{"taxonomy":"category","embeddable":true,"href":"https:\/\/www.europesays.com\/pt\/wp-json\/wp\/v2\/categories?post=63811"},{"taxonomy":"post_tag","embeddable":true,"href":"https:\/\/www.europesays.com\/pt\/wp-json\/wp\/v2\/tags?post=63811"}],"curies":[{"name":"wp","href":"https:\/\/api.w.org\/{rel}","templated":true}]}}