{"id":63815,"date":"2025-09-09T02:35:09","date_gmt":"2025-09-09T02:35:09","guid":{"rendered":"https:\/\/www.europesays.com\/pt\/63815\/"},"modified":"2025-09-09T02:35:09","modified_gmt":"2025-09-09T02:35:09","slug":"morre-pietro-derossi-o-arquiteto-radical-que-reinventou-a-ideia-de-habitar-arquitetura","status":"publish","type":"post","link":"https:\/\/www.europesays.com\/pt\/63815\/","title":{"rendered":"Morre Pietro Derossi: o arquiteto radical que reinventou a ideia de habitar | Arquitetura"},"content":{"rendered":"\n<p class=\" content-text__container \" data-track-category=\"Link no Texto\" data-track-links=\"\"> Sua notoriedade internacional viria nos anos 1970, quando, ao lado de Giorgio Ceretti e Riccardo Rosso, apresentou o sof\u00e1 Pratone. A pe\u00e7a, lan\u00e7ada em 1971, tinha apar\u00eancia de imensos talos de grama verde em poliuretano e se tornou s\u00edmbolo da radicalidade daquele per\u00edodo. N\u00e3o era apenas um m\u00f3vel, mas uma provoca\u00e7\u00e3o: uma escultura l\u00fadica que convidava o corpo a experimentar o espa\u00e7o de forma coletiva, desmontando qualquer ideia convencional de conforto ou funcionalidade. <\/p>\n","protected":false},"excerpt":{"rendered":"Sua notoriedade internacional viria nos anos 1970, quando, ao lado de Giorgio Ceretti e Riccardo Rosso, apresentou o&hellip;\n","protected":false},"author":2,"featured_media":63816,"comment_status":"","ping_status":"","sticky":false,"template":"","format":"standard","meta":{"footnotes":""},"categories":[144],"tags":[207,205,206,203,201,202,204,114,115,32,33],"class_list":{"0":"post-63815","1":"post","2":"type-post","3":"status-publish","4":"format-standard","5":"has-post-thumbnail","7":"category-arte-e-design","8":"tag-arte","9":"tag-arte-e-design","10":"tag-artedesign","11":"tag-arts","12":"tag-arts-and-design","13":"tag-artsanddesign","14":"tag-design","15":"tag-entertainment","16":"tag-entretenimento","17":"tag-portugal","18":"tag-pt"},"share_on_mastodon":{"url":"","error":""},"_links":{"self":[{"href":"https:\/\/www.europesays.com\/pt\/wp-json\/wp\/v2\/posts\/63815","targetHints":{"allow":["GET"]}}],"collection":[{"href":"https:\/\/www.europesays.com\/pt\/wp-json\/wp\/v2\/posts"}],"about":[{"href":"https:\/\/www.europesays.com\/pt\/wp-json\/wp\/v2\/types\/post"}],"author":[{"embeddable":true,"href":"https:\/\/www.europesays.com\/pt\/wp-json\/wp\/v2\/users\/2"}],"replies":[{"embeddable":true,"href":"https:\/\/www.europesays.com\/pt\/wp-json\/wp\/v2\/comments?post=63815"}],"version-history":[{"count":0,"href":"https:\/\/www.europesays.com\/pt\/wp-json\/wp\/v2\/posts\/63815\/revisions"}],"wp:featuredmedia":[{"embeddable":true,"href":"https:\/\/www.europesays.com\/pt\/wp-json\/wp\/v2\/media\/63816"}],"wp:attachment":[{"href":"https:\/\/www.europesays.com\/pt\/wp-json\/wp\/v2\/media?parent=63815"}],"wp:term":[{"taxonomy":"category","embeddable":true,"href":"https:\/\/www.europesays.com\/pt\/wp-json\/wp\/v2\/categories?post=63815"},{"taxonomy":"post_tag","embeddable":true,"href":"https:\/\/www.europesays.com\/pt\/wp-json\/wp\/v2\/tags?post=63815"}],"curies":[{"name":"wp","href":"https:\/\/api.w.org\/{rel}","templated":true}]}}