{"id":63821,"date":"2025-09-09T02:39:09","date_gmt":"2025-09-09T02:39:09","guid":{"rendered":"https:\/\/www.europesays.com\/pt\/63821\/"},"modified":"2025-09-09T02:39:09","modified_gmt":"2025-09-09T02:39:09","slug":"invocacao-do-mal-4-registra-o-maior-final-de-semana-de-abertura-de-um-filme-de-terror-no-brasil-ingresso-com","status":"publish","type":"post","link":"https:\/\/www.europesays.com\/pt\/63821\/","title":{"rendered":"\u2018Invoca\u00e7\u00e3o do Mal 4\u2019 registra o maior final de semana de abertura de um filme de terror no Brasil &#8211; Ingresso.com"},"content":{"rendered":"<ol>\n<li><a href=\"https:\/\/news.google.com\/rss\/articles\/CBMiugFBVV95cUxNV01ISHd1YjVrXzJEYW5WTUJBQXR3ZXdORnpRUXpBUnluZmFnTm1NVHZIOVJpdlR1WldocC1PYVpTd2VRVExWSW5mZnFfSUpNZndKWlFObC1sOV9vbzJ6OWNVbFlOMDVTYXRjX0FHZXFwYWpUcFRxSUFSVDBUWTB1Tkt4M3VMUlhnYjZTaEg2ZkMtZmVHckRVX044dU40MDh3U3BVejVuZUZlOEVSUjQyQ0JZVlRhdDR4VEE?oc=5\" target=\"_blank\" rel=\"nofollow noopener\">\u2018Invoca\u00e7\u00e3o do Mal 4\u2019 registra o maior final de semana de abertura de um filme de terror no Brasil<\/a>&nbsp;&nbsp;Ingresso.com<\/li>\n<li><a href=\"https:\/\/news.google.com\/rss\/articles\/CBMi4wFBVV95cUxNTDlVd1lxdTd2RnJQbTZrLXdQVTliWUluLXA4N1d2VGtiN1NGYWVyaklEQUNSTHBwX2FvS1Rnd2Npc2RPa0xCNTBaTTNMZzFPRlhkdnFCSlQ4eHJjTE9kclFRbUV4OXdaekl4ajBfTzFuaFFYZkQyWjREYTg4Z0dPbUtCUkZnUlhHMzQ3OUtjR1dVR21rT2xKV1JCRlRnYWNHY0kyN3YzTWV0cU9saGxSdnE4UkpvRWhOMFYyMDhMekZDRG5QamhoTEhSVGpXZUVma21vaVp5UVBqWE1ZNHZvY3BVTdIB8gFBVV95cUxPcEtPQjBQRWg5eU5KZEFDY3pqTUJuM2lhYklqVXppUWN5bGtwd3BqWkd2MXJQVjB2OUxVYVJBVExLM2ltMUowNHJmd195NGM2SjNrX0ZDUFlnUnpXcDhnSUZWNk5qNnVoU3JWaWQycEo1VFhFWUVUbF9qUGhxOGpIWUlicDgxMnpoTkNDbFpUMUx5dkxMaEVPb3Zpb0VxckkyWDNrLWdmaWhqbEJFVVNlUXZfdk1RMXA1emp3SXR5R0tud08tY3RhZHg3c1hxQS1HTl83eFVNZkEyWmJjcmN3MHFPY2cyYjdRMG8yVDV5bGNOdw?oc=5\" target=\"_blank\" rel=\"nofollow noopener\">&#8216;Invoca\u00e7\u00e3o do Mal 4&#8217; tem segunda maior estreia do ano no Brasil, atr\u00e1s de &#8216;Lilo &amp; Stitch&#8217;<\/a>&nbsp;&nbsp;O Globo<\/li>\n<li><a href=\"https:\/\/news.google.com\/rss\/articles\/CBMicEFVX3lxTE5HTkFJS0pQaDMxeHJ4aUFHY2MxQ0t4bXB5VG1YVGlXQXdRcW56cHJBUHJnZk5EdmdNSzNvSmczMjZPOEZYN0VzV0hKUGlUX3BrVkZQQ09USkdZcC1ja0VvZm9TU1p5bHh4Mjdpbldnb0PSAXZBVV95cUxPbkRFTF9EeEk3anIyZXJsUm5WRWxNZ0xETE80d2N4REl2NmtZNHNlOExkb0FrUzZIbXNERkVwM2FwS0ZYMlotZ3VIUWFjTjgwUWoya2dBMm5XcUw0cnJXVC12dzdqTHZxRDQ3ekhFaEV1STl1VHhB?oc=5\" target=\"_blank\" rel=\"nofollow noopener\">Invoca\u00e7\u00e3o do Mal 4 | \u00daltimo filme da franquia chega quebrando recordes<\/a>&nbsp;&nbsp;Omelete<\/li>\n<li><a href=\"https:\/\/news.google.com\/rss\/articles\/CBMirgFBVV95cUxNU3NOSFVPMEh3YXRSbjVlYUdDZ1AtUUxzOWJpT1ZGQ1E4V1ByX2pTTnJvM3RuOHdFQ3dZYTI3M2dXUkRROFlLVDZtQjc5OWU4bHRoVXhoek9xUkhDT1JlaFU1eUZKSng2bU1NbURQajBIMFdjMWNvdExxZVVUVjY0QlZ3Y1BqX0xGb2VSRlpyZWxpVXA4UGNHT29qVDhXWWR6aFpWbXVRTlQ5aHFTYkE?oc=5\" target=\"_blank\" rel=\"nofollow noopener\">\u2018Invoca\u00e7\u00e3o do Mal 4\u2019 quebra recorde mundial em estreia; entenda<\/a>&nbsp;&nbsp;Estad\u00e3o<\/li>\n<li><a href=\"https:\/\/news.google.com\/rss\/articles\/CBMiiwJBVV95cUxONFN6amE1cDVESmVoN1BhbWNYODdia2lYUHN6bjltWjJRWVJkRHFiSUVfNDZTcFpxM2Zja1o4YzFrdE5QUjZGTHNLOEJSaWFraDluQlpndlYwMm9McXNBdDI4bS0zTnJsNDVLX1J2THA2X2tfNnJLUnl0LXhYaFc1bURYSU1ydDEzbHBjMlpRejZVcW56dGFQX0FoQ1FnNFBGNWVsS1pmdTZyVmNZZG1HNUdDNnlUaXVJRkpqcTAxMFJSWFdwTWlERWVKM0xOTzhVWDl1QnZsTURzY2c1YXp2M1M4Y2lxR21JTC1RQ05sMTlIRHNSQ0t0S0lvek05aU15V2kwRWp5OGU0Zm8?oc=5\" target=\"_blank\" rel=\"nofollow noopener\">Invoca\u00e7\u00e3o do Mal: Qual \u00e9 a ordem cronol\u00f3gica para assistir aos filmes da franquia?<\/a>&nbsp;&nbsp;Terra<\/li>\n<\/ol>\n","protected":false},"excerpt":{"rendered":"\u2018Invoca\u00e7\u00e3o do Mal 4\u2019 registra o maior final de semana de abertura de um filme de terror no&hellip;\n","protected":false},"author":2,"featured_media":63822,"comment_status":"","ping_status":"","sticky":false,"template":"","format":"standard","meta":{"footnotes":""},"categories":[140],"tags":[114,115,147,148,146,32,33],"class_list":{"0":"post-63821","1":"post","2":"type-post","3":"status-publish","4":"format-standard","5":"has-post-thumbnail","7":"category-filmes","8":"tag-entertainment","9":"tag-entretenimento","10":"tag-film","11":"tag-filmes","12":"tag-movies","13":"tag-portugal","14":"tag-pt"},"share_on_mastodon":{"url":"","error":""},"_links":{"self":[{"href":"https:\/\/www.europesays.com\/pt\/wp-json\/wp\/v2\/posts\/63821","targetHints":{"allow":["GET"]}}],"collection":[{"href":"https:\/\/www.europesays.com\/pt\/wp-json\/wp\/v2\/posts"}],"about":[{"href":"https:\/\/www.europesays.com\/pt\/wp-json\/wp\/v2\/types\/post"}],"author":[{"embeddable":true,"href":"https:\/\/www.europesays.com\/pt\/wp-json\/wp\/v2\/users\/2"}],"replies":[{"embeddable":true,"href":"https:\/\/www.europesays.com\/pt\/wp-json\/wp\/v2\/comments?post=63821"}],"version-history":[{"count":0,"href":"https:\/\/www.europesays.com\/pt\/wp-json\/wp\/v2\/posts\/63821\/revisions"}],"wp:featuredmedia":[{"embeddable":true,"href":"https:\/\/www.europesays.com\/pt\/wp-json\/wp\/v2\/media\/63822"}],"wp:attachment":[{"href":"https:\/\/www.europesays.com\/pt\/wp-json\/wp\/v2\/media?parent=63821"}],"wp:term":[{"taxonomy":"category","embeddable":true,"href":"https:\/\/www.europesays.com\/pt\/wp-json\/wp\/v2\/categories?post=63821"},{"taxonomy":"post_tag","embeddable":true,"href":"https:\/\/www.europesays.com\/pt\/wp-json\/wp\/v2\/tags?post=63821"}],"curies":[{"name":"wp","href":"https:\/\/api.w.org\/{rel}","templated":true}]}}