{"id":63832,"date":"2025-09-09T02:50:05","date_gmt":"2025-09-09T02:50:05","guid":{"rendered":"https:\/\/www.europesays.com\/pt\/63832\/"},"modified":"2025-09-09T02:50:05","modified_gmt":"2025-09-09T02:50:05","slug":"ilustrador-autista-de-9-anos-lanca-primeiro-livro-canal-autismo","status":"publish","type":"post","link":"https:\/\/www.europesays.com\/pt\/63832\/","title":{"rendered":"Ilustrador autista de 9 anos lan\u00e7a primeiro livro &#8211; Canal Autismo"},"content":{"rendered":"<p>\t\t\t\t\t\t\t\t\t8 de setembro de 2025<\/p>\n<p>Tempo de Leitura:   minuto<\/p>\n<p>Jo\u00e3o Sasaque, de 9 anos, come\u00e7ou a ler muito cedo e encontrou na leitura e na escrita um espa\u00e7o de express\u00e3o. Inspirado por livros como a s\u00e9rie Di\u00e1rio de um Banana e por artistas brasileiros, ele criou seu pr\u00f3prio personagem, Fernando, protagonista da s\u00e9rie de quadrinhos Turma do Fernando. Seu primeiro livro, O dia em que Fernando teve azar, foi lan\u00e7ado pela editora Ases da Literatura e j\u00e1 tem sequ\u00eancia em produ\u00e7\u00e3o. Os desenhos, incluindo a capa, s\u00e3o todos de autoria do pr\u00f3prio Jo\u00e3o, que tamb\u00e9m deseja seguir carreira como ilustrador.<\/p>\n<p>Segundo reportagem do <a href=\"https:\/\/diariodonordeste.verdesmares.com.br\/verso\/inspirado-em-diario-de-um-banana-cearense-de-12-anos-lanca-livro-sobre-autismo-e-o-poder-da-amizade-1.3687242\" target=\"_blank\" rel=\"noopener nofollow\">Di\u00e1rio do Nordeste<\/a>, o diagn\u00f3stico de autismo e a presen\u00e7a da dispraxia trouxeram desafios para sua comunica\u00e7\u00e3o e coordena\u00e7\u00e3o motora. Para estimular suas habilidades, a fam\u00edlia investiu no incentivo \u00e0 leitura e no acompanhamento terap\u00eautico. No quadrinho, Fernando lida com situa\u00e7\u00f5es que remetem \u00e0 experi\u00eancia do autor. A publica\u00e7\u00e3o do primeiro livro foi apoiada pelo Instituto da Primeira Inf\u00e2ncia (Iprede), ap\u00f3s Jo\u00e3o compartilhar sua trajet\u00f3ria em uma palestra.<\/p>\n<p>Publicidade<\/p>\n<p><a href=\"https:\/\/cbiofmiami.com\/ebooks-gratuitos\/\" target=\"_blank\" rel=\"nofollow noopener\"><img alt=\"CBI of Miami - 20250424\" height=\"350\" src=\"https:\/\/www.europesays.com\/pt\/wp-content\/uploads\/2025\/09\/banner_373_CBI-Campanha_E-book_Peca_Geral_Institucional_Header1_V1.png\" decoding=\"async\" class=\"lazyload\" data-eio-rwidth=\"600\" data-eio-rheight=\"200\"\/><\/a><\/p>\n<p>CONTE\u00daDO EXTRA<\/p>\n<p><b>Link para comprar o livro<\/b>: <a href=\"https:\/\/loja.umlivro.com.br\/o-dia-em-que-fernando-teve-azar-7387676\/p\" target=\"_blank\" rel=\"noopener nofollow\">https:\/\/loja.umlivro.com.br\/o-dia-em-que-fernando-teve-azar-7387676\/p<\/a><\/p><\/p>\n","protected":false},"excerpt":{"rendered":"8 de setembro de 2025 Tempo de Leitura: minuto Jo\u00e3o Sasaque, de 9 anos, come\u00e7ou a ler muito&hellip;\n","protected":false},"author":2,"featured_media":63833,"comment_status":"","ping_status":"","sticky":false,"template":"","format":"standard","meta":{"footnotes":""},"categories":[143],"tags":[169,114,115,170,32,33],"class_list":{"0":"post-63832","1":"post","2":"type-post","3":"status-publish","4":"format-standard","5":"has-post-thumbnail","7":"category-livros","8":"tag-books","9":"tag-entertainment","10":"tag-entretenimento","11":"tag-livros","12":"tag-portugal","13":"tag-pt"},"share_on_mastodon":{"url":"","error":""},"_links":{"self":[{"href":"https:\/\/www.europesays.com\/pt\/wp-json\/wp\/v2\/posts\/63832","targetHints":{"allow":["GET"]}}],"collection":[{"href":"https:\/\/www.europesays.com\/pt\/wp-json\/wp\/v2\/posts"}],"about":[{"href":"https:\/\/www.europesays.com\/pt\/wp-json\/wp\/v2\/types\/post"}],"author":[{"embeddable":true,"href":"https:\/\/www.europesays.com\/pt\/wp-json\/wp\/v2\/users\/2"}],"replies":[{"embeddable":true,"href":"https:\/\/www.europesays.com\/pt\/wp-json\/wp\/v2\/comments?post=63832"}],"version-history":[{"count":0,"href":"https:\/\/www.europesays.com\/pt\/wp-json\/wp\/v2\/posts\/63832\/revisions"}],"wp:featuredmedia":[{"embeddable":true,"href":"https:\/\/www.europesays.com\/pt\/wp-json\/wp\/v2\/media\/63833"}],"wp:attachment":[{"href":"https:\/\/www.europesays.com\/pt\/wp-json\/wp\/v2\/media?parent=63832"}],"wp:term":[{"taxonomy":"category","embeddable":true,"href":"https:\/\/www.europesays.com\/pt\/wp-json\/wp\/v2\/categories?post=63832"},{"taxonomy":"post_tag","embeddable":true,"href":"https:\/\/www.europesays.com\/pt\/wp-json\/wp\/v2\/tags?post=63832"}],"curies":[{"name":"wp","href":"https:\/\/api.w.org\/{rel}","templated":true}]}}