{"id":63846,"date":"2025-09-09T02:58:26","date_gmt":"2025-09-09T02:58:26","guid":{"rendered":"https:\/\/www.europesays.com\/pt\/63846\/"},"modified":"2025-09-09T02:58:26","modified_gmt":"2025-09-09T02:58:26","slug":"estes-sao-os-fatores-chave-por-tras-da-invasao-mundial-dos-eletricos-chineses","status":"publish","type":"post","link":"https:\/\/www.europesays.com\/pt\/63846\/","title":{"rendered":"Estes s\u00e3o os fatores-chave por tr\u00e1s da invas\u00e3o mundial dos el\u00e9tricos chineses"},"content":{"rendered":"<p class=\"wp-caption-text top\"><a href=\"https:\/\/www.byd.com\/\" rel=\"nofollow external noopener noreferrer\" data-wpel-link=\"external\" target=\"_blank\" class=\"ext-link\">BYD<\/a><\/p>\n<p><img decoding=\"async\" loading=\"lazy\" class=\"size-kopa-image-size-3 wp-image-530297\" src=\"https:\/\/www.europesays.com\/pt\/wp-content\/uploads\/2025\/09\/33a608481be310052d96208babb6f687-783x450.jpg\" alt=\"\" width=\"700\" height=\"402\"  \/><\/p>\n<p><strong>Um em cada quatro ve\u00edculos novos vendidos no mundo ser\u00e1 el\u00e9trico este ano. E, entre estes, a maioria ser\u00e1 de marcas como BYD, NIO, Xpeng, Xiaomi, Zeekr ou Geely \u2014 todos fabricados na China.<\/strong><\/p>\n<p>Em 2025, estima-se que <strong>um em cada quatro<\/strong> autom\u00f3veis novos vendidos globalmente seja el\u00e9trico, seja totalmente a bateria ou h\u00edbrido plug-in.<\/p>\n<p>Trata-se de um <strong>aumento significativo<\/strong> face a h\u00e1 apenas cinco anos, quando as vendas de ve\u00edculos el\u00e9tricos representavam menos de um em cada 20 autom\u00f3veis novos.<\/p>\n<p>Nos EUA, por\u00e9m, as vendas de el\u00e9tricos t\u00eam ficado para tr\u00e1s, representando apenas um em cada dez em 2024. J\u00e1 na China, o maior mercado autom\u00f3vel do planeta, mais de <strong>metade das vendas<\/strong> de novos ve\u00edculos s\u00e3o el\u00e9tricos.<\/p>\n<p>Segundo um <a href=\"https:\/\/www.iea.org\/reports\/global-ev-outlook-2025\" data-wpel-link=\"external\" target=\"_blank\" rel=\"nofollow external noopener noreferrer\" class=\"ext-link\">relat\u00f3rio<\/a> divulgado em maio pela Ag\u00eancia Internacional da Energia, organiza\u00e7\u00e3o intergovernamental que analisa o consumo energ\u00e9tico mundial, 2\/3 dos autom\u00f3veis totalmente el\u00e9tricos na China<strong> s\u00e3o agora mais baratos<\/strong> do que os seus equivalentes a gasolina.<\/p>\n<p>Com <strong>custos de utiliza\u00e7\u00e3o e manuten\u00e7\u00e3o j\u00e1 inferiores<\/strong>, os el\u00e9tricos tornam-se compras ainda mais atrativas, nota o <a href=\"https:\/\/www.elconfidencial.com\/tecnologia\/novaceno\/2025-09-05\/invasion-coches-chinos-byd-xiaomi-xpeng-omoda_4203415\/\" data-wpel-link=\"external\" target=\"_blank\" rel=\"nofollow external noopener noreferrer\" class=\"ext-link\">El Confidencial<\/a>.<\/p>\n<p>Este crescente mercado mundial de el\u00e9tricos e h\u00edbridos tem nos \u00faltimos anos vindo a\u00a0 ser cada vez mais <strong>dominado pelas fabricantes chinesas<\/strong>, que produzem uma vasta gama de modelos, desde citadinos como o BYD Seagull, a SUV de grandes dimens\u00f5es como o Xpeng G9, passando por modelos de luxo como o Zeekr 009.<\/p>\n<p>Os autom\u00f3veis chineses eram habitualmente <strong>alvo de piadas f\u00e1ceis<\/strong>.<\/p>\n<p>Por\u00e9m, real\u00e7a o <a href=\"https:\/\/insideevs.com\/news\/765522\/chinese-cars-safety-rating-evs\/\" data-wpel-link=\"external\" target=\"_blank\" rel=\"nofollow external noopener noreferrer\" class=\"ext-link\">Inside EVs<\/a>, as <strong>avalia\u00e7\u00f5es europeias mais recentes<\/strong> em testes de colis\u00e3o atribu\u00edram as <strong>classifica\u00e7\u00f5es<\/strong> <strong>m\u00e1ximas de seguran\u00e7a<\/strong> a v\u00e1rios modelos chineses, muitos dos quais custam menos do que autom\u00f3veis semelhantes fabricados noutros pa\u00edses.<\/p>\n<p>Qual \u00e9 a chave do sucesso chin\u00eas?<\/p>\n<p>Diversos fatores explicam a ascens\u00e3o das marcas chinesas na produ\u00e7\u00e3o e venda de ve\u00edculos el\u00e9tricos.<\/p>\n<p>Entre eles, contam-se os<strong> relativamente baixos custos laborais<\/strong> e as generosas <strong>subven\u00e7\u00f5es governamentais<\/strong>, dado que o setor autom\u00f3vel el\u00e9trico foi uma das tecnologias avan\u00e7adas escolhidas pelo governo de Pequim para refor\u00e7ar o perfil tecnol\u00f3gico global da China.<\/p>\n<p>Mas <strong>as empresas chinesas t\u00eam ido mais longe<\/strong>. Apostaram fortemente na <strong>robotiza\u00e7\u00e3o industrial<\/strong>, chegando a construir as chamadas \u201c<strong>f\u00e1bricas escuras<\/strong>\u201d, capazes de funcionar com m\u00ednima interven\u00e7\u00e3o humana.<\/p>\n<p>Apostaram tamb\u00e9m em dar aten\u00e7\u00e3o aos consumidores: <strong>reinventaram os interiores<\/strong>, com grandes ecr\u00e3s t\u00e1teis para infoentretenimento e <strong>at\u00e9 extras como frigor\u00edfico<\/strong>, cama ou sistema de karaoke.<\/p>\n<p>A <strong>concorr\u00eancia entre fabricantes chineses \u00e9 feroz<\/strong>, estimulando a inova\u00e7\u00e3o. A BYD \u00e9 a <strong>maior vendedora de ve\u00edculos el\u00e9tricos<\/strong>, tanto na China como a n\u00edvel mundial. A marca afirma empregar <strong>mais de 100 mil cientistas<\/strong> e engenheiros dedicados \u00e0 melhoria cont\u00ednua dos seus autom\u00f3veis.<\/p>\n<p>Segundo a <a href=\"https:\/\/www.reuters.com\/investigations\/how-chinas-new-auto-giants-left-gm-vw-tesla-dust-2025-07-03\/\" data-wpel-link=\"external\" target=\"_blank\" rel=\"nofollow external noopener noreferrer\" class=\"ext-link\">Reuters<\/a>, desde a fase conceptual at\u00e9 ao lan\u00e7amento de modelos em produ\u00e7\u00e3o em massa, a BYD demora <strong>18 meses, metade do tempo gasto<\/strong> pelos fabricantes norte-americanos e outros grupos internacionais,<\/p>\n<p>A empresa \u00e9 tamb\u00e9m o segundo maior produtor mundial de baterias para ve\u00edculos el\u00e9tricos e desenvolveu uma nova bateria que pode ser recarregada em apenas cinco minutos, o mesmo tempo necess\u00e1rio para encher um dep\u00f3sito de gasolina.<\/p>\n<p>As provas de fogo<\/p>\n<p>A<strong> verdadeira prova da competitividade<\/strong> dos autom\u00f3veis chineses ser\u00e1 dada nas exporta\u00e7\u00f5es. Os fabricantes <strong>procuram agressivamente mercados externos<\/strong>, porque a capacidade instalada ultrapassa largamente os 25 milh\u00f5es de ve\u00edculos vendidos anualmente na China \u2014 podendo chegar ao dobro.<\/p>\n<p><strong>Pequim j\u00e1 exporta mais autom\u00f3veis<\/strong> do que qualquer outro pa\u00eds, ainda que sobretudo a gasolina. No entanto, os mercados para el\u00e9tricos chineses est\u00e3o a <strong>expandir-se para a Europa Ocidental<\/strong>, Sudeste Asi\u00e1tico, Am\u00e9rica Latina, Austr\u00e1lia e noutras regi\u00f5es.<\/p>\n<p>O <strong>maior mercado fechado aos autom\u00f3veis chineses<\/strong>, quer el\u00e9tricos quer a combust\u00e3o, continua a ser a Am\u00e9rica do Norte.<\/p>\n<p>Tanto os EUA como o Canad\u00e1 ergueram uma esp\u00e9cie de \u201c<strong>fortaleza tarif\u00e1ria<\/strong>\u201d para proteger os seus fabricantes, impondo taxas de 100% \u00e0s importa\u00e7\u00f5es de ve\u00edculos el\u00e9tricos chineses, literalmente <strong>duplicando o pre\u00e7o final<\/strong> para os consumidores.<\/p>\n<p>O or\u00e7amento dos compradores tamb\u00e9m pesa. O pre\u00e7o m\u00e9dio de um ve\u00edculo el\u00e9trico novo nos EUA ronda os <strong>55 mil d\u00f3lares<\/strong>. Existem op\u00e7\u00f5es mais baratas, mas sem as <strong>dedu\u00e7\u00f5es fiscais que a Administra\u00e7\u00e3o Trump planeia eliminar<\/strong> depois de setembro de 2025, quase nenhum modelo se aproxima dos 25 mil d\u00f3lares.<\/p>\n<p>J\u00e1 as empresas chinesas produzem <strong>v\u00e1rios el\u00e9tricos abaixo desse valor,<\/strong> como o Xpeng M03, o BYD Dolphin ou o MG4, mesmo sem apoios fiscais. Se fossem vendidos na Am\u00e9rica, contudo, as <strong>tarifas de 100% anulariam a vantagem<\/strong> de pre\u00e7o.<\/p>\n<p>A Tesla, Ford e General Motors garantem estar a desenvolver modelos mais acess\u00edveis, mas <strong>os ve\u00edculos de gama alta continuam a ser os mais rent\u00e1vei<\/strong>s. E, com a \u201cfortaleza tarif\u00e1ria\u201d, o incentivo para investir em el\u00e9tricos baratos \u00e9 menor.<\/p>\n<p>Os EUA come\u00e7aram tamb\u00e9m por <strong>resistir \u00e0 entrada dos autom\u00f3veis japoneses<\/strong> nas d\u00e9cadas de 1970 e 1980. Mas uma combina\u00e7\u00e3o da prefer\u00eancia dos consumidores e das decis\u00f5es de marcas como Toyota, Honda e Nissan em abrir f\u00e1bricas em solo americano <strong>acabou por quebrar a oposi\u00e7\u00e3o<\/strong>.<\/p>\n<p>Hoje, os<strong> autom\u00f3veis japoneses s\u00e3o presen\u00e7a habitual<\/strong> nas estradas norte-americanas. O mesmo poder\u00e1 acontecer com os fabricantes chineses, embora n\u00e3o seja claro quanto tempo levar\u00e1 at\u00e9 que tal aconte\u00e7a.<\/p>\n<p>Os chineses t\u00eam tempo.<\/p>\n<p>    <a href=\"https:\/\/zap.aeiou.pt\/subscrever-newsletter\" data-wpel-link=\"internal\" rel=\"nofollow noopener\" target=\"_blank\">&#13;<br \/>\n        <img loading=\"lazy\" decoding=\"async\" class=\"aligncenter size-full wp-image-575475\" src=\"https:\/\/www.europesays.com\/pt\/wp-content\/uploads\/2025\/09\/2d51fe4a0ba54894421ead1809309ed9-1-450x140.jpg\" alt=\"Subscreva a Newsletter ZAP\" width=\"450\" height=\"140\"\/>&#13;<br \/>\n    <\/a><\/p>\n<p>                <a href=\"https:\/\/whatsapp.com\/channel\/0029VaIC4EE2f3EJZPPSbR34\" data-wpel-link=\"external\" target=\"_blank\" rel=\"nofollow external noopener noreferrer\" class=\"ext-link\">&#13;<br \/>\n                    <img loading=\"lazy\" decoding=\"async\" class=\"aligncenter size-full wp-image-575475\" src=\"https:\/\/www.europesays.com\/pt\/wp-content\/uploads\/2025\/09\/c68c559d956d4ca20f435ed74a6e71e6.png\" alt=\"Siga-nos no WhatsApp\" width=\"175\" height=\"64\"\/>&#13;<br \/>\n                <\/a><\/p>\n<p>                <a href=\"https:\/\/news.google.com\/publications\/CAAiEHRwZondIV71PDjWNoqMduEqFAgKIhB0cGaJ3SFe9Tw41jaKjHbh?hl=en-US&amp;gl=US&amp;ceid=US%3Aen\" data-wpel-link=\"external\" target=\"_blank\" rel=\"nofollow external noopener noreferrer\" class=\"ext-link\">&#13;<br \/>\n                    <img loading=\"lazy\" decoding=\"async\" class=\"aligncenter size-full wp-image-575475\" src=\"https:\/\/www.europesays.com\/pt\/wp-content\/uploads\/2025\/09\/5123dd8b087b644fdb8f8603acd1bad4.png\" alt=\"Siga-nos no Google News\" width=\"176\" height=\"64\"\/>&#13;<br \/>\n                <\/a><\/p>\n","protected":false},"excerpt":{"rendered":"BYD Um em cada quatro ve\u00edculos novos vendidos no mundo ser\u00e1 el\u00e9trico este ano. E, entre estes, a&hellip;\n","protected":false},"author":2,"featured_media":63847,"comment_status":"","ping_status":"","sticky":false,"template":"","format":"standard","meta":{"footnotes":""},"categories":[83],"tags":[2702,88,476,89,428,90,295,32,33],"class_list":{"0":"post-63846","1":"post","2":"type-post","3":"status-publish","4":"format-standard","5":"has-post-thumbnail","7":"category-empresas","8":"tag-auto","9":"tag-business","10":"tag-economia","11":"tag-economy","12":"tag-eletricos","13":"tag-empresas","14":"tag-industria","15":"tag-portugal","16":"tag-pt"},"share_on_mastodon":{"url":"","error":""},"_links":{"self":[{"href":"https:\/\/www.europesays.com\/pt\/wp-json\/wp\/v2\/posts\/63846","targetHints":{"allow":["GET"]}}],"collection":[{"href":"https:\/\/www.europesays.com\/pt\/wp-json\/wp\/v2\/posts"}],"about":[{"href":"https:\/\/www.europesays.com\/pt\/wp-json\/wp\/v2\/types\/post"}],"author":[{"embeddable":true,"href":"https:\/\/www.europesays.com\/pt\/wp-json\/wp\/v2\/users\/2"}],"replies":[{"embeddable":true,"href":"https:\/\/www.europesays.com\/pt\/wp-json\/wp\/v2\/comments?post=63846"}],"version-history":[{"count":0,"href":"https:\/\/www.europesays.com\/pt\/wp-json\/wp\/v2\/posts\/63846\/revisions"}],"wp:featuredmedia":[{"embeddable":true,"href":"https:\/\/www.europesays.com\/pt\/wp-json\/wp\/v2\/media\/63847"}],"wp:attachment":[{"href":"https:\/\/www.europesays.com\/pt\/wp-json\/wp\/v2\/media?parent=63846"}],"wp:term":[{"taxonomy":"category","embeddable":true,"href":"https:\/\/www.europesays.com\/pt\/wp-json\/wp\/v2\/categories?post=63846"},{"taxonomy":"post_tag","embeddable":true,"href":"https:\/\/www.europesays.com\/pt\/wp-json\/wp\/v2\/tags?post=63846"}],"curies":[{"name":"wp","href":"https:\/\/api.w.org\/{rel}","templated":true}]}}