{"id":63848,"date":"2025-09-09T02:59:33","date_gmt":"2025-09-09T02:59:33","guid":{"rendered":"https:\/\/www.europesays.com\/pt\/63848\/"},"modified":"2025-09-09T02:59:33","modified_gmt":"2025-09-09T02:59:33","slug":"pronto-para-se-sentar-a-mesa-das-negociacoes-hamas-responde-a-nova-proposta-de-cessar-fogo-dos-eua","status":"publish","type":"post","link":"https:\/\/www.europesays.com\/pt\/63848\/","title":{"rendered":"&#8220;Pronto para se sentar \u00e0 mesa das negocia\u00e7\u00f5es&#8221;. Hamas responde a nova proposta de cessar-fogo dos EUA"},"content":{"rendered":"<p>&#13;<br \/>\n<b>&#8220;Recebemos, atrav\u00e9s de mediadores, algumas ideias da parte americana com o objetivo de chegar a um acordo de cessar-fogo (&#8230;) e o Hamas afirma estar pronto para se sentar imediatamente \u00e0 mesa das negocia\u00e7\u00f5es&#8221;<\/b>, escreve o movimento islamita em comunicado.\u00a0&#13;\n<\/p>\n<p>&#13;<br \/>\nNeste comunicado, citado pela Al Jazeera,<b> o Hamas afirma que acolhe &#8220;qualquer iniciativa que contribua para os esfor\u00e7os de p\u00f4r fim \u00e0 agress\u00e3o contra o nosso povo&#8221;<\/b>. No entanto, tamb\u00e9m indica que concordou com uma proposta semelhante em meados do m\u00eas passado, reiterando que Israel ainda n\u00e3o respondeu.<br \/>&#13;\n<\/p>\n<p>&#13;<br \/>\nMais cedo,\u00a0 o presidente dos EUA Donald Trump anunciou ter enviado um &#8220;\u00faltimo aviso&#8221; ao Hamas para o regresso dos ref\u00e9ns israelitas detidos na Faixa de Gaza, garantindo que Israel j\u00e1 tinha aceitado os seus termos e agora &#8220;\u00e9 hora do Hamas aceitar tamb\u00e9m&#8221;.&#13;\n<\/p>\n<p>&#13;<br \/>\n<b>&#8220;Avis\u00e1mos o Hamas sobre as consequ\u00eancias de n\u00e3o aceitar&#8221;<\/b>, escreveu Donald Trump na Truth Social.<b> &#8220;Este \u00e9 o meu \u00faltimo aviso, n\u00e3o haver\u00e1 outro!&#8221;<\/b>.&#13;\n<\/p>\n<p>&#13;<br \/>\nDe acordo com relatos, citados pela Al Jazeera, os termos de Washington prev\u00eaem que o Hamas liberte todos os 48 ref\u00e9ns restantes em troca de cerca de 3 mil palestinianos que est\u00e3o presos em Israel. Al\u00e9m disso, Israel concordaria em n\u00e3o invadir e ocupar a cidade de Gaza e Trump supervisionaria o acordo pessoalmente, enquanto recome\u00e7assem as negocia\u00e7\u00f5es de paz.&#13;\n<\/p>\n<p>&#13;<br \/>\nc\/ag\u00eancias\u00a0&#13;<\/p>\n","protected":false},"excerpt":{"rendered":"&#13; &#8220;Recebemos, atrav\u00e9s de mediadores, algumas ideias da parte americana com o objetivo de chegar a um acordo&hellip;\n","protected":false},"author":2,"featured_media":63849,"comment_status":"","ping_status":"","sticky":false,"template":"","format":"standard","meta":{"footnotes":""},"categories":[50],"tags":[27,28,256,413,15,16,532,255,14,259,25,26,21,22,432,62,12,13,19,20,23,24,17,18,2183,29,30,31,63,64,65],"class_list":{"0":"post-63848","1":"post","2":"type-post","3":"status-publish","4":"format-standard","5":"has-post-thumbnail","7":"category-mundo","8":"tag-breaking-news","9":"tag-breakingnews","10":"tag-cessar-fogo","11":"tag-eua","12":"tag-featured-news","13":"tag-featurednews","14":"tag-gaza","15":"tag-hamas","16":"tag-headlines","17":"tag-israel","18":"tag-latest-news","19":"tag-latestnews","20":"tag-main-news","21":"tag-mainnews","22":"tag-medio-oriente","23":"tag-mundo","24":"tag-news","25":"tag-noticias","26":"tag-noticias-principais","27":"tag-noticiasprincipais","28":"tag-principais-noticias","29":"tag-principaisnoticias","30":"tag-top-stories","31":"tag-topstories","32":"tag-trump","33":"tag-ultimas","34":"tag-ultimas-noticias","35":"tag-ultimasnoticias","36":"tag-world","37":"tag-world-news","38":"tag-worldnews"},"share_on_mastodon":{"url":"","error":""},"_links":{"self":[{"href":"https:\/\/www.europesays.com\/pt\/wp-json\/wp\/v2\/posts\/63848","targetHints":{"allow":["GET"]}}],"collection":[{"href":"https:\/\/www.europesays.com\/pt\/wp-json\/wp\/v2\/posts"}],"about":[{"href":"https:\/\/www.europesays.com\/pt\/wp-json\/wp\/v2\/types\/post"}],"author":[{"embeddable":true,"href":"https:\/\/www.europesays.com\/pt\/wp-json\/wp\/v2\/users\/2"}],"replies":[{"embeddable":true,"href":"https:\/\/www.europesays.com\/pt\/wp-json\/wp\/v2\/comments?post=63848"}],"version-history":[{"count":0,"href":"https:\/\/www.europesays.com\/pt\/wp-json\/wp\/v2\/posts\/63848\/revisions"}],"wp:featuredmedia":[{"embeddable":true,"href":"https:\/\/www.europesays.com\/pt\/wp-json\/wp\/v2\/media\/63849"}],"wp:attachment":[{"href":"https:\/\/www.europesays.com\/pt\/wp-json\/wp\/v2\/media?parent=63848"}],"wp:term":[{"taxonomy":"category","embeddable":true,"href":"https:\/\/www.europesays.com\/pt\/wp-json\/wp\/v2\/categories?post=63848"},{"taxonomy":"post_tag","embeddable":true,"href":"https:\/\/www.europesays.com\/pt\/wp-json\/wp\/v2\/tags?post=63848"}],"curies":[{"name":"wp","href":"https:\/\/api.w.org\/{rel}","templated":true}]}}