{"id":63916,"date":"2025-09-09T05:04:09","date_gmt":"2025-09-09T05:04:09","guid":{"rendered":"https:\/\/www.europesays.com\/pt\/63916\/"},"modified":"2025-09-09T05:04:09","modified_gmt":"2025-09-09T05:04:09","slug":"a-fazenda-ary-sofre-a-maior-desilusao-da-sua-vida-tvi","status":"publish","type":"post","link":"https:\/\/www.europesays.com\/pt\/63916\/","title":{"rendered":"A Fazenda: Ary sofre a maior desilus\u00e3o da sua vida &#8211; TVI"},"content":{"rendered":"<ol>\n<li><a href=\"https:\/\/news.google.com\/rss\/articles\/CBMirAFBVV95cUxOTTR4ZVpUWnR0eDhacVBFUENvTFZRZnRjQlBBWm5XeUdCcDg5bjNWNnZaWkpKX2VWRnZNOVFPc1ZGYk9tR0hXcTFSU285enIxdVFRU1lYYl9zcWh2ZHFHWXliR0czWExLX1dWb2luVHVPVUwxd2szdF93eU5RRU1VZjZ3TlFEbzFaOFY0WHgtWFRfZ0hsU3loQk11cHRtQ1h1OHNKYl9wQVJpYzRj?oc=5\" target=\"_blank\" rel=\"nofollow noopener\">A Fazenda: Ary sofre a maior desilus\u00e3o da sua vida<\/a>&nbsp;&nbsp;TVI<\/li>\n<li><a href=\"https:\/\/news.google.com\/rss\/articles\/CBMigwFBVV95cUxNbnJIajU3X3lSOXZ2S1lvTE9FeHBvdDBGaHlnUlZ1V2VacHktenNtMUx6RTdRbmJhYVF3WUFNMTRyUEFrVUN5RFlDU094UmFmOVloLW5ITmdUcWxtSVlKcmJxMDhBcXJscDJyZjBjS3RicW83V09XQmZpbWFfU2RwQmZrZw?oc=5\" target=\"_blank\" rel=\"nofollow noopener\">A Fazenda: Alex vai sair em liberdade da pris\u00e3o<\/a>&nbsp;&nbsp;Maria.pt<\/li>\n<li><a href=\"https:\/\/news.google.com\/rss\/articles\/CBMivwFBVV95cUxNcEFpS2JFLW1waG1HLThhbzdkZDdVYm8zemxKOEp4QWZsWTRHcF8yNmhjZV95NXJaZ29PM2NTMU42WnBaZFAtLXBNcFA1dVM5MXAxcThJbkNJMUNwYWI2VE15WGFPZndXMFM1VkZIcTloX1Axam1QbFBPNDB3QXEzWlRGVDlrWFFPU1A5Y0FtLVBFYWNia1dqaWllMVIwaEVwczNYNHNjZ3JWUzlQaW5HTExXYVJvNEZOVTVwMkU5OA?oc=5\" target=\"_blank\" rel=\"nofollow noopener\">A Fazenda: Afinal, o teste de ADN do beb\u00e9 de J\u00falia foi adulterado<\/a>&nbsp;&nbsp;TVI<\/li>\n<li><a href=\"https:\/\/news.google.com\/rss\/articles\/CBMixwFBVV95cUxPMmRRa0ZUQWNRWG5BQmpqMi1DSHhEYjNpdlQ4NUdDODdQZVdnSTdGS1J0djBFaGZ0YkRFZFdpNDVQeWNnS3FrYUJCRTlXOUlwRFRCcEhxbkNRZUVBaTM4VmpfYmY0c0cxOVpDbjBZVVoyUDRoRXl1aEZrSS05cjctZ2EzQ3RsdVZrbUdYWTJmYVpBcW1tWnJSbzZwV1FUYVVKVWp1Ymk1ZERtaDRvdE0xU2lNd1NNV2ZqRnI3cG9YcllIcVBxck1V?oc=5\" target=\"_blank\" rel=\"nofollow noopener\">Exclusivo \u00abA Fazenda\u00bb: J\u00falia avan\u00e7a com o aborto, mas h\u00e1 algo que acontece<\/a>&nbsp;&nbsp;TVI<\/li>\n<li><a href=\"https:\/\/news.google.com\/rss\/articles\/CBMijAFBVV95cUxQdm9ZZ0RmTzkyVmNOUTltUXBmYnRZemd5N1VUaEY5US16bTZLQlFSS3JoLXlydVhqQTk4LTdvbWRyRG5meV85cnhkS0NmS29zalJKYWRiek1OeXJiRlQ5M29iaTlBbER1NkRhcUxZd3BtdUJvd3I0bmxGSHlxVy1zRGl0enAxeVQ5MGljbQ?oc=5\" target=\"_blank\" rel=\"nofollow noopener\">A Fazenda: Alex vai sair da pris\u00e3o<\/a>&nbsp;&nbsp;TVI<\/li>\n<\/ol>\n","protected":false},"excerpt":{"rendered":"A Fazenda: Ary sofre a maior desilus\u00e3o da sua vida&nbsp;&nbsp;TVI A Fazenda: Alex vai sair em liberdade da&hellip;\n","protected":false},"author":2,"featured_media":63917,"comment_status":"","ping_status":"","sticky":false,"template":"","format":"standard","meta":{"footnotes":""},"categories":[142],"tags":[657,160,166,114,115,157,167,164,161,158,165,159,32,33,156,163,151,162],"class_list":{"0":"post-63916","1":"post","2":"type-post","3":"status-publish","4":"format-standard","5":"has-post-thumbnail","7":"category-tv","8":"tag-a-fazenda","9":"tag-ana-guiomar","10":"tag-cristina-ferreira","11":"tag-entertainment","12":"tag-entretenimento","13":"tag-festa-e-festa","14":"tag-ficcao","15":"tag-jose-fidalgo","16":"tag-novelas","17":"tag-para-sempre","18":"tag-pedro-sousa","19":"tag-pedro-teixeira","20":"tag-portugal","21":"tag-pt","22":"tag-queridos-papas","23":"tag-tiago-teotonio-pereira","24":"tag-tv","25":"tag-tvi"},"share_on_mastodon":{"url":"","error":""},"_links":{"self":[{"href":"https:\/\/www.europesays.com\/pt\/wp-json\/wp\/v2\/posts\/63916","targetHints":{"allow":["GET"]}}],"collection":[{"href":"https:\/\/www.europesays.com\/pt\/wp-json\/wp\/v2\/posts"}],"about":[{"href":"https:\/\/www.europesays.com\/pt\/wp-json\/wp\/v2\/types\/post"}],"author":[{"embeddable":true,"href":"https:\/\/www.europesays.com\/pt\/wp-json\/wp\/v2\/users\/2"}],"replies":[{"embeddable":true,"href":"https:\/\/www.europesays.com\/pt\/wp-json\/wp\/v2\/comments?post=63916"}],"version-history":[{"count":0,"href":"https:\/\/www.europesays.com\/pt\/wp-json\/wp\/v2\/posts\/63916\/revisions"}],"wp:featuredmedia":[{"embeddable":true,"href":"https:\/\/www.europesays.com\/pt\/wp-json\/wp\/v2\/media\/63917"}],"wp:attachment":[{"href":"https:\/\/www.europesays.com\/pt\/wp-json\/wp\/v2\/media?parent=63916"}],"wp:term":[{"taxonomy":"category","embeddable":true,"href":"https:\/\/www.europesays.com\/pt\/wp-json\/wp\/v2\/categories?post=63916"},{"taxonomy":"post_tag","embeddable":true,"href":"https:\/\/www.europesays.com\/pt\/wp-json\/wp\/v2\/tags?post=63916"}],"curies":[{"name":"wp","href":"https:\/\/api.w.org\/{rel}","templated":true}]}}