{"id":63922,"date":"2025-09-09T05:18:12","date_gmt":"2025-09-09T05:18:12","guid":{"rendered":"https:\/\/www.europesays.com\/pt\/63922\/"},"modified":"2025-09-09T05:18:12","modified_gmt":"2025-09-09T05:18:12","slug":"filho-de-rui-figueiredo-e-jessica-antunes-vai-parar-ao-hospital-apos-acidente-foi-duro-big-brother","status":"publish","type":"post","link":"https:\/\/www.europesays.com\/pt\/63922\/","title":{"rendered":"Filho de Rui Figueiredo e J\u00e9ssica Antunes vai parar ao hospital ap\u00f3s acidente: \u00abFoi duro\u00bb &#8211; Big Brother"},"content":{"rendered":"<p><strong>Rui Figueiredo e J\u00e9ssica Antunes <a href=\"https:\/\/tvi.iol.pt\/bigbrother\/secret-story\/casa-dos-segredos\/zz-bbrev-jessica-antunes-indignada-jessica-antunes-sai-em-defesa-dos-filhos-apos-ofensas-e-ameacas\" rel=\"nofollow noopener\" target=\"_blank\">apanharam um grande susto com o filho mais velho<\/a>, Isaac<\/strong>. O menino, de tr\u00eas anos, partiu o bra\u00e7o e teve de ser assistido no hospital.<\/p>\n<p>A not\u00edcia foi dada pelo<a href=\"https:\/\/tvi.iol.pt\/bigbrother\/jessica-antunes\/rui-pedro-figueiredo\/jessica-antunes-levanta-a-ponta-do-veu-sobre-o-casamento-e-ha-um-detalhe-surpreendente-que-envolve-o-vestido-de-noiva\" rel=\"nofollow noopener\" target=\"_blank\"> ex-concorrente do<strong> Big Brother &#8211; A Revolu\u00e7\u00e3o<\/strong><\/a>, atrav\u00e9s de uma publica\u00e7\u00e3o nos stories do Instagram. \u00ab<strong>O meu Isaac partiu o bra\u00e7o, foi duro, muito duro para ele e para n\u00f3s.<\/strong> Tirei esta foto minutos ap\u00f3s a coloca\u00e7\u00e3o do gesso, o olhar e a express\u00e3o mostram outra hist\u00f3ria, firmeza, coragem e at\u00e9 um<strong> leve sorriso que tenta disfar\u00e7ar o sofrimento<\/strong>\u00bb, come\u00e7ou por escrever, na legenda de uma fotografia em que o menino surge com gesso no bra\u00e7o, mas sorridente.<\/p>\n<p>\u00ab<strong>O meu beb\u00e9 n\u00e3o se deixa abater<\/strong>, ergue-se com a postura de quem enfrenta a vida de frente.\u00a0Um verdadeiro guerreiro, algu\u00e9m que, mesmo no meio da dor, encontra for\u00e7a para mostrar ao mundo a sua dureza e a sua alegria. <strong>Um orgulho o meu beb\u00e9<\/strong>\u00bb, acrescentou<a href=\"https:\/\/tvi.iol.pt\/bigbrother\/fotos\/o-que-aconteceu-na-despedida-de-solteira-de-jessica-antunes-as-imagens-falam-por-si\/6862ee13d34e3f0bae9ff589\" rel=\"nofollow noopener\" target=\"_blank\"> Rui Figueiredo<\/a>.<\/p>\n<p><strong>Veja aqui a foto em quest\u00e3o:<\/strong><\/p>\n<p style=\"text-align:center\"><img loading=\"lazy\" decoding=\"async\" alt=\"\" height=\"679\" src=\"https:\/\/www.europesays.com\/pt\/wp-content\/uploads\/2025\/09\/68bf14d3d34ee0c2fecfd50f.webp\" width=\"385\"\/><\/p>\n","protected":false},"excerpt":{"rendered":"Rui Figueiredo e J\u00e9ssica Antunes apanharam um grande susto com o filho mais velho, Isaac. O menino, de&hellip;\n","protected":false},"author":2,"featured_media":63923,"comment_status":"","ping_status":"","sticky":false,"template":"","format":"standard","meta":{"footnotes":""},"categories":[142],"tags":[59,331,48,329,333,328,335,336,114,115,334,332,3435,330,17665,17666,13,32,33,1862,151,162,227],"class_list":{"0":"post-63922","1":"post","2":"type-post","3":"status-publish","4":"format-standard","5":"has-post-thumbnail","7":"category-tv","8":"tag-acidente","9":"tag-big","10":"tag-big-brother","11":"tag-claudio-ramos","12":"tag-comentadores","13":"tag-concorrentes","14":"tag-confrontos","15":"tag-discussoes","16":"tag-entertainment","17":"tag-entretenimento","18":"tag-exclusivos","19":"tag-expulso","20":"tag-filho","21":"tag-gala","22":"tag-isaac","23":"tag-jessica-antunes","24":"tag-noticias","25":"tag-portugal","26":"tag-pt","27":"tag-rui-pedro-figueiredo","28":"tag-tv","29":"tag-tvi","30":"tag-videos"},"share_on_mastodon":{"url":"","error":""},"_links":{"self":[{"href":"https:\/\/www.europesays.com\/pt\/wp-json\/wp\/v2\/posts\/63922","targetHints":{"allow":["GET"]}}],"collection":[{"href":"https:\/\/www.europesays.com\/pt\/wp-json\/wp\/v2\/posts"}],"about":[{"href":"https:\/\/www.europesays.com\/pt\/wp-json\/wp\/v2\/types\/post"}],"author":[{"embeddable":true,"href":"https:\/\/www.europesays.com\/pt\/wp-json\/wp\/v2\/users\/2"}],"replies":[{"embeddable":true,"href":"https:\/\/www.europesays.com\/pt\/wp-json\/wp\/v2\/comments?post=63922"}],"version-history":[{"count":0,"href":"https:\/\/www.europesays.com\/pt\/wp-json\/wp\/v2\/posts\/63922\/revisions"}],"wp:featuredmedia":[{"embeddable":true,"href":"https:\/\/www.europesays.com\/pt\/wp-json\/wp\/v2\/media\/63923"}],"wp:attachment":[{"href":"https:\/\/www.europesays.com\/pt\/wp-json\/wp\/v2\/media?parent=63922"}],"wp:term":[{"taxonomy":"category","embeddable":true,"href":"https:\/\/www.europesays.com\/pt\/wp-json\/wp\/v2\/categories?post=63922"},{"taxonomy":"post_tag","embeddable":true,"href":"https:\/\/www.europesays.com\/pt\/wp-json\/wp\/v2\/tags?post=63922"}],"curies":[{"name":"wp","href":"https:\/\/api.w.org\/{rel}","templated":true}]}}