{"id":63926,"date":"2025-09-09T05:30:05","date_gmt":"2025-09-09T05:30:05","guid":{"rendered":"https:\/\/www.europesays.com\/pt\/63926\/"},"modified":"2025-09-09T05:30:05","modified_gmt":"2025-09-09T05:30:05","slug":"michelle-loreto-impressiona-ao-postar-foto-rara-com-a-mae-parecem-irmas","status":"publish","type":"post","link":"https:\/\/www.europesays.com\/pt\/63926\/","title":{"rendered":"Michelle Loreto impressiona ao postar foto rara com a m\u00e3e: &#8216;Parecem irm\u00e3s&#8217;"},"content":{"rendered":"<p>A apresentadora Michelle Loreto chamou a aten\u00e7\u00e3o ao compartilhar uma foto ao lado da m\u00e3e para comemorar uma data especial<\/p>\n<p>A jornalista <a href=\"https:\/\/caras.com.br\/tags\/michelle-loreto\" rel=\"noopener nofollow\" target=\"_blank\"><strong>Michelle Loreto<\/strong><\/a> impressionou os seguidores das redes sociais ao compartilhar fotos raras com sua m\u00e3e, <strong>Rosane Loreto<\/strong>, que completou mais um ano de vida nesta segunda-feira, 8.<\/p>\n<p>Em seu perfil oficial, a apresentadora do quadro\u00a0Bem Estar, da Globo, recordou fotos de quando era pequena ao lado da m\u00e3e e uma recente, de quando <a href=\"https:\/\/caras.com.br\/noivas\/michelle-loreto-dispensa-o-vestido-de-noiva-para-se-casar-com-diretor-do-encontro.phtml\" rel=\"noopener nofollow\" target=\"_blank\">oficializou seu casamento com diretor de TV <strong>Alexandre Matoso<\/strong><\/a>, com quem tem uma filha, <strong>Aurora<\/strong>, de um aninho. Al\u00e9m de colocar a m\u00fasica\u00a0O Melhor Vai Come\u00e7ar, de Guilherme Arantes, ela prestou uma homenagem especial\u00a0<\/p>\n<p>&#8220;Uma postagem com m\u00fasica do Guilherme Arantes que ela tanto ama! M\u00e3e, que seja um novo ciclo lindo, leve e alegre, como voc\u00ea. Eu te amo muito e sempre estarei ao seu lado. Obrigada por me dar tanto apoio e tanto amor nesta vida&#8221;, escreveu Michelle na legenda da publica\u00e7\u00e3o.\u00a0<\/p>\n<p>Nos coment\u00e1rios, os internautas deixaram mensagens parabenizando a m\u00e3e da apresentadora e tamb\u00e9m apontaram a semelhan\u00e7a entre elas.\u00a0&#8220;Muito bela a sua m\u00e3e, parecem Irm\u00e3s!! Felicidades e muita sa\u00fade para ela&#8221;, disse uma seguidora.\u00a0&#8220;Muito linda sua m\u00e3e&#8230; Parab\u00e9ns a ela, sa\u00fade e muitas felicidades!!!&#8221;, desejou outra.\u00a0&#8220;Parab\u00e9ns! Sa\u00fade para sua m\u00e3e&#8221;, falou uma f\u00e3.\u00a0<\/p>\n<p>Vale lembrar que <a href=\"https:\/\/caras.com.br\/beleza\/michelle-loreto-passa-por-transformacao-radical-no-visual-amo-mudar.phtml\" rel=\"noopener nofollow\" target=\"_blank\">Michelle Loreto passou por uma mudan\u00e7a radical em seu visual<\/a>. A jornalista decidiu mudar o corte de cabelo e ganhou elogios ao surgir com os fios um pouco mais curtos e com franja. &#8220;Eu amo mudar meu cabelo. Amo! E, desta vez, escolhi um visual bem moderno! Quem mais a\u00ed gosta de mudar o cabelo o tempo todo?&#8221;, disse ela.<\/p>\n<p><strong>Confira:\u00a0<\/strong><\/p>\n<p>Michelle Loreto surge em clima de romance com o marido<\/p>\n<p>Recentemente, Michelle Loreto usou as redes sociais para <a href=\"https:\/\/caras.com.br\/atualidades\/michelle-loreto-surge-em-clima-de-romance-com-o-marido-vida-e-boa-com-voce.phtml\" rel=\"noopener nofollow\" target=\"_blank\">celebrar uma data muito especial<\/a>. \u00c9 que seu marido, o diretor de TV Alexandre Matoso, completou mais um ano de vida e ela fez quest\u00e3o de homenage\u00e1-lo.\u00a0Em seu perfil oficial, a apresentadora do\u00a0Bem Estar, da Globo, compartilhou duas fotos ao lado do amado. Na primeira, os dois aparecem sorridentes, j\u00e1 na segunda, eles est\u00e3o se beijando.<\/p>\n<p>Na legenda, a jornalista se declarou.\u00a0&#8220;Al\u00ea, hoje \u00e9 seu anivers\u00e1rio. O dia amanheceu lindo e voc\u00ea vibrou com isso. Saiu de casa de bike. Eu sempre com medo. Voc\u00ea sempre dizendo que n\u00e3o vou te perder. Sua seguran\u00e7a e seu jeito leve. Como tudo isso \u00e9 bom! Celebro a tua vida hoje, desejando dias ensolarados, suaves e simples, como voc\u00ea \u00e9. Eu te amo e agrade\u00e7o por estar ao teu lado nesta vida, criando essa menina fant\u00e1stica que \u00e9 a nossa filha Aurora. A vida \u00e9 muito boa com voc\u00ea ao meu lado. Viva voc\u00ea e tudo que voc\u00ea \u00e9!&#8221;, escreveu.\u00a0<\/p>\n<p><strong>Leia tamb\u00e9m:<\/strong><a href=\"https:\/\/caras.com.br\/atualidades\/michelle-loreto-mostra-fotos-ineditas-do-casamento-e-se-declara-cara-incrivel.phtml\" rel=\"noopener nofollow\" target=\"_blank\">Michelle Loreto mostra fotos in\u00e9ditas do casamento e se declara: &#8216;Cara incr\u00edvel&#8217;<\/a><\/p>\n","protected":false},"excerpt":{"rendered":"A apresentadora Michelle Loreto chamou a aten\u00e7\u00e3o ao compartilhar uma foto ao lado da m\u00e3e para comemorar uma&hellip;\n","protected":false},"author":2,"featured_media":63927,"comment_status":"","ping_status":"","sticky":false,"template":"","format":"standard","meta":{"footnotes":""},"categories":[145],"tags":[17684,211,210,114,115,8204,17683,32,33,6696],"class_list":{"0":"post-63926","1":"post","2":"type-post","3":"status-publish","4":"format-standard","5":"has-post-thumbnail","7":"category-celebridades","8":"tag-aniversario-homenagem","9":"tag-celebridades","10":"tag-celebrities","11":"tag-entertainment","12":"tag-entretenimento","13":"tag-mae","14":"tag-michelle-loreto","15":"tag-portugal","16":"tag-pt","17":"tag-semelhanca"},"share_on_mastodon":{"url":"","error":""},"_links":{"self":[{"href":"https:\/\/www.europesays.com\/pt\/wp-json\/wp\/v2\/posts\/63926","targetHints":{"allow":["GET"]}}],"collection":[{"href":"https:\/\/www.europesays.com\/pt\/wp-json\/wp\/v2\/posts"}],"about":[{"href":"https:\/\/www.europesays.com\/pt\/wp-json\/wp\/v2\/types\/post"}],"author":[{"embeddable":true,"href":"https:\/\/www.europesays.com\/pt\/wp-json\/wp\/v2\/users\/2"}],"replies":[{"embeddable":true,"href":"https:\/\/www.europesays.com\/pt\/wp-json\/wp\/v2\/comments?post=63926"}],"version-history":[{"count":0,"href":"https:\/\/www.europesays.com\/pt\/wp-json\/wp\/v2\/posts\/63926\/revisions"}],"wp:featuredmedia":[{"embeddable":true,"href":"https:\/\/www.europesays.com\/pt\/wp-json\/wp\/v2\/media\/63927"}],"wp:attachment":[{"href":"https:\/\/www.europesays.com\/pt\/wp-json\/wp\/v2\/media?parent=63926"}],"wp:term":[{"taxonomy":"category","embeddable":true,"href":"https:\/\/www.europesays.com\/pt\/wp-json\/wp\/v2\/categories?post=63926"},{"taxonomy":"post_tag","embeddable":true,"href":"https:\/\/www.europesays.com\/pt\/wp-json\/wp\/v2\/tags?post=63926"}],"curies":[{"name":"wp","href":"https:\/\/api.w.org\/{rel}","templated":true}]}}