{"id":63936,"date":"2025-09-09T05:47:12","date_gmt":"2025-09-09T05:47:12","guid":{"rendered":"https:\/\/www.europesays.com\/pt\/63936\/"},"modified":"2025-09-09T05:47:12","modified_gmt":"2025-09-09T05:47:12","slug":"marcia-soares-revela-talento-escondido-e-confessa-foi-um-plano-perfeito","status":"publish","type":"post","link":"https:\/\/www.europesays.com\/pt\/63936\/","title":{"rendered":"Marcia Soares revela talento escondido e confessa: &#8220;Foi um plano perfeito&#8221;"},"content":{"rendered":"<p>Foi um &#8220;domingo \u00e0 tarde perfeito&#8221; aquele que Marcia Soares viveu. A comentadora de reality shows da <a href=\"https:\/\/tvi.iol.pt\/\" target=\"_blank\" rel=\"nofollow noopener\">TVI<\/a> como &#8220;<a href=\"https:\/\/tvi.iol.pt\/bigbrother\/\" target=\"_blank\" rel=\"nofollow noopener\">Big Brother<\/a>&#8221; e &#8220;<a href=\"https:\/\/tvi.iol.pt\/secretstory\/\" target=\"_blank\" rel=\"nofollow noopener\">Secret Story<\/a> &#8211; Casa dos Segredos&#8221; mostrou-se &#8220;finalmente a fazer o quadro para a sala&#8221; da respetiva casa, enquanto ocupava tamb\u00e9m o tempo a &#8220;ouvir as m\u00fasicas novas de Justin Bieber&#8221;.<\/p>\n<p>No meio do processo, <a href=\"https:\/\/selfie.iol.pt\/famosos\/marcia-soares\/gargalhadas-e-mais-gargalhadas-divulgado-video-unico-de-marcia-soares\/20250905\/68baededd34ef72ee44a32af\" target=\"_blank\" rel=\"nofollow noopener\">Marcia Soares<\/a> deixou um desabafo. &#8220;Preciso de uma pausa. Meto-me nelas e, depois, quero que apare\u00e7a feito&#8221;, brincou a tamb\u00e9m influenciadora digital, que, mais tarde, voltou a estar em redor da tela.\u00a0<\/p>\n<p>J\u00e1 de noite, a luxemburguesa mostrou o resultado final da obra. &#8220;\u00c9 claro que a pessoa ansiosa que sou n\u00e3o podia esperar at\u00e9 amanh\u00e3 para pendurar o quadro&#8221;, escreveu.<\/p>\n<p>Face \u00e0 curiosidade dos seguidores, Marcia Soares acabou por divulgar uma filmagem na qual explica como como p\u00f4s m\u00e3os \u00e0 obra. &#8220;Hoje, fiz um quadro para a sala e achei que foi um plano perfeito para um domingo \u00e0 tarde. Por isso, fica aqui a dica e tamb\u00e9m como fazer.\u00a0Gostaram do resultado final?&#8221;, questionou, em jeito de remate.<\/p>\n<p>Veja, agora, os v\u00eddeos feitos por <a href=\"https:\/\/selfie.iol.pt\/famosos\/big-brother\/familiar-de-afonso-leitao-em-aceso-confronto-com-marcia-soares\/20250907\/68bd9f5ed34e58bc67956d06\" target=\"_blank\" rel=\"nofollow noopener\">Marcia Soares<\/a>.<\/p>\n<p style=\"text-align:center\"><img loading=\"lazy\" decoding=\"async\" alt=\"\" height=\"889\" src=\"https:\/\/www.europesays.com\/pt\/wp-content\/uploads\/2025\/09\/68bee7c5d34ee0c2fecfd2ba.webp\" width=\"500\"\/><\/p>\n<p style=\"text-align:center\"><img loading=\"lazy\" decoding=\"async\" alt=\"\" height=\"897\" src=\"https:\/\/www.europesays.com\/pt\/wp-content\/uploads\/2025\/09\/68bee7c5d34e58bc679576a6.webp\" width=\"500\"\/><\/p>\n<p>\u00a0<\/p>\n<blockquote class=\"instagram-media\" data-instgrm-captioned=\"\" data-instgrm-permalink=\"https:\/\/www.instagram.com\/reel\/DOURl1ADHyV\/?utm_source=ig_embed&amp;utm_campaign=loading\" data-instgrm-version=\"14\" style=\" background:#FFF; border:0; border-radius:3px; box-shadow:0 0 1px 0 rgba(0,0,0,0.5),0 1px 10px 0 rgba(0,0,0,0.15); margin: 1px; max-width:540px; min-width:326px; padding:0; width:99.375%; width:-webkit-calc(100% - 2px); width:calc(100% - 2px);\">\n<\/blockquote>\n<p>\u00a0<\/p>\n<p>                        <script async src=\"\/\/www.instagram.com\/embed.js\"><\/script><\/p>\n","protected":false},"excerpt":{"rendered":"Foi um &#8220;domingo \u00e0 tarde perfeito&#8221; aquele que Marcia Soares viveu. A comentadora de reality shows da TVI&hellip;\n","protected":false},"author":2,"featured_media":63937,"comment_status":"","ping_status":"","sticky":false,"template":"","format":"standard","meta":{"footnotes":""},"categories":[142],"tags":[6308,48,2632,6980,114,115,980,6983,1015,2038,619,32,33,1014,1315,6985,1012,6986,151,162],"class_list":{"0":"post-63936","1":"post","2":"type-post","3":"status-publish","4":"format-standard","5":"has-post-thumbnail","7":"category-tv","8":"tag-bb","9":"tag-big-brother","10":"tag-casa-dos-segredos","11":"tag-comentadora","12":"tag-entertainment","13":"tag-entretenimento","14":"tag-famosos","15":"tag-influenciadora-digital","16":"tag-instagram","17":"tag-marcia-soares","18":"tag-nacional","19":"tag-portugal","20":"tag-pt","21":"tag-reality-show","22":"tag-secret-story","23":"tag-secret-story-casa-dos-segredos","24":"tag-selfie","25":"tag-ss","26":"tag-tv","27":"tag-tvi"},"share_on_mastodon":{"url":"","error":""},"_links":{"self":[{"href":"https:\/\/www.europesays.com\/pt\/wp-json\/wp\/v2\/posts\/63936","targetHints":{"allow":["GET"]}}],"collection":[{"href":"https:\/\/www.europesays.com\/pt\/wp-json\/wp\/v2\/posts"}],"about":[{"href":"https:\/\/www.europesays.com\/pt\/wp-json\/wp\/v2\/types\/post"}],"author":[{"embeddable":true,"href":"https:\/\/www.europesays.com\/pt\/wp-json\/wp\/v2\/users\/2"}],"replies":[{"embeddable":true,"href":"https:\/\/www.europesays.com\/pt\/wp-json\/wp\/v2\/comments?post=63936"}],"version-history":[{"count":0,"href":"https:\/\/www.europesays.com\/pt\/wp-json\/wp\/v2\/posts\/63936\/revisions"}],"wp:featuredmedia":[{"embeddable":true,"href":"https:\/\/www.europesays.com\/pt\/wp-json\/wp\/v2\/media\/63937"}],"wp:attachment":[{"href":"https:\/\/www.europesays.com\/pt\/wp-json\/wp\/v2\/media?parent=63936"}],"wp:term":[{"taxonomy":"category","embeddable":true,"href":"https:\/\/www.europesays.com\/pt\/wp-json\/wp\/v2\/categories?post=63936"},{"taxonomy":"post_tag","embeddable":true,"href":"https:\/\/www.europesays.com\/pt\/wp-json\/wp\/v2\/tags?post=63936"}],"curies":[{"name":"wp","href":"https:\/\/api.w.org\/{rel}","templated":true}]}}