{"id":63938,"date":"2025-09-09T05:50:10","date_gmt":"2025-09-09T05:50:10","guid":{"rendered":"https:\/\/www.europesays.com\/pt\/63938\/"},"modified":"2025-09-09T05:50:10","modified_gmt":"2025-09-09T05:50:10","slug":"becali-acusa-presidente-de-clube-romeno-de-tentar-passar-a-perna-ao-benfica","status":"publish","type":"post","link":"https:\/\/www.europesays.com\/pt\/63938\/","title":{"rendered":"Becali acusa presidente de clube romeno de tentar passar a perna ao Benfica"},"content":{"rendered":"<p>Mario Tudose \u00e9 um defesa-central romeno de 20 anos que passou pela forma\u00e7\u00e3o do Benfica entre 2021 e 2023. Contratado ao Arges Pitesti por 200 mil euros (por 80 por cento do passe), o jovem futebolista, agora internacional sub-21 pelo pa\u00eds dos C\u00e1rpatos, regressou \u00e0s origens ap\u00f3s dois anos no Seixal, divididos entre as equipas de juvenis, juniores e sub-23.<\/p>\n<p>O Benfica conservou metade do passe e de l\u00e1 at\u00e9 agora, pelo menos por c\u00e1, pouco ou nada se tinha ouvido falar de Tudose, que contribuiu na \u00faltima \u00e9poca para o regresso do Arges ao principal escal\u00e3o romeno.<\/p>\n<p>At\u00e9 agora!<\/p>\n<p>Nos \u00faltimos dias, foi tema quente na Rom\u00e9nia a exist\u00eancia de negocia\u00e7\u00f5es para a uma eventual transfer\u00eancia do defesa-central para o Steaua Bucareste (FCSB). Gigi Becali, exc\u00eantrico dono do Steaua Bucareste, e Danut Coman, antigo guarda-redes internacional pela Rom\u00e9nia e presidente do Arges, chatearam-se, com o primeiro a ficar ofendido com a recusa da proposta e o segundo, pragm\u00e1tico, a responder-lhe, segundo o Sport.ro, que quem define o pre\u00e7o \u00e9 o vendedor e n\u00e3o o comprador.<\/p>\n<p>Mas, segundo Gigi Becali, a hist\u00f3ria n\u00e3o foi bem assim. O homem de neg\u00f3cios foi a um programa da Digi Sport expor o hom\u00f3logo do Arges, garantindo que este tentou montar um esquema que lesaria&#8230; o Benfica. \u00abEu tinha o Danut Coman como algu\u00e9m honesto e \u00edntegro, mas nunca conheci uma pessoa assim na vida! Inicialmente, disse-lhe que pagaria 1 milh\u00e3o de euros: seriam 500 mil euros para o Benfica e 500 mil euros para o Arges.\u00bb<\/p>\n<p>Foi a\u00ed, segundo Becali, que Coman apresentou uma contraproposta. Uma negocia\u00e7\u00e3o \u00abromena\u00bb, ideia que ter\u00e1 sido sugerida numa conversa entre o dirigente do Arges e Mihaj Stoica, presidente do FCSB e homem da confian\u00e7a de Gigi. O FCSB pagaria apenas 400 mil euros por Tudose, com metade desse valor a ficar para o Benfica, mas comprometia-se a contratar um outro jogador ao Arges. \u00abPag\u00e1vamos 600 mil euros por esse jogador, engan\u00e1vamos o Benfica e o Arges ficava com 800 mil euros em vez dos 500 mil\u00bb, revelou Becali, condenado no passado por rapto, corrup\u00e7\u00e3o e abuso de poder.<\/p>\n<p>Cadastro \u00e0 parte, o exc\u00eantrico milion\u00e1rio dono do FCSB mostrou-se chocado com o esquema alegadamente montado por Coman. \u00abA \u00fanica coisa ilegal \u00e9 que eu estava a enganar o Benfica. Fiz milhares de coisas imorais na vida, como enganar estrangeiros para manter o dinheiro no meu pa\u00eds. Mas fiquei desapontado com o Dani Coman. Punha as minhas m\u00e3os no fogo por ele, mas agora nunca mais na vida confio em algu\u00e9m. Nunca pensei que ele fosse capaz de fazer algo assim\u00bb, concluiu Becali na mesma interven\u00e7\u00e3o na Digi Sport.<\/p>\n","protected":false},"excerpt":{"rendered":"Mario Tudose \u00e9 um defesa-central romeno de 20 anos que passou pela forma\u00e7\u00e3o do Benfica entre 2021 e&hellip;\n","protected":false},"author":2,"featured_media":63939,"comment_status":"","ping_status":"","sticky":false,"template":"","format":"standard","meta":{"footnotes":""},"categories":[87],"tags":[51,135,17691,4238,82,46,17689,32,33,47,17690,134],"class_list":{"0":"post-63938","1":"post","2":"type-post","3":"status-publish","4":"format-standard","5":"has-post-thumbnail","7":"category-desporto","8":"tag-benfica","9":"tag-desporto","10":"tag-gigi-becali","11":"tag-incrivel","12":"tag-internacional","13":"tag-maisfutebol","14":"tag-mario-tudose","15":"tag-portugal","16":"tag-pt","17":"tag-pura-paixao","18":"tag-romenia","19":"tag-sports"},"share_on_mastodon":{"url":"","error":""},"_links":{"self":[{"href":"https:\/\/www.europesays.com\/pt\/wp-json\/wp\/v2\/posts\/63938","targetHints":{"allow":["GET"]}}],"collection":[{"href":"https:\/\/www.europesays.com\/pt\/wp-json\/wp\/v2\/posts"}],"about":[{"href":"https:\/\/www.europesays.com\/pt\/wp-json\/wp\/v2\/types\/post"}],"author":[{"embeddable":true,"href":"https:\/\/www.europesays.com\/pt\/wp-json\/wp\/v2\/users\/2"}],"replies":[{"embeddable":true,"href":"https:\/\/www.europesays.com\/pt\/wp-json\/wp\/v2\/comments?post=63938"}],"version-history":[{"count":0,"href":"https:\/\/www.europesays.com\/pt\/wp-json\/wp\/v2\/posts\/63938\/revisions"}],"wp:featuredmedia":[{"embeddable":true,"href":"https:\/\/www.europesays.com\/pt\/wp-json\/wp\/v2\/media\/63939"}],"wp:attachment":[{"href":"https:\/\/www.europesays.com\/pt\/wp-json\/wp\/v2\/media?parent=63938"}],"wp:term":[{"taxonomy":"category","embeddable":true,"href":"https:\/\/www.europesays.com\/pt\/wp-json\/wp\/v2\/categories?post=63938"},{"taxonomy":"post_tag","embeddable":true,"href":"https:\/\/www.europesays.com\/pt\/wp-json\/wp\/v2\/tags?post=63938"}],"curies":[{"name":"wp","href":"https:\/\/api.w.org\/{rel}","templated":true}]}}