{"id":63946,"date":"2025-09-09T06:12:07","date_gmt":"2025-09-09T06:12:07","guid":{"rendered":"https:\/\/www.europesays.com\/pt\/63946\/"},"modified":"2025-09-09T06:12:07","modified_gmt":"2025-09-09T06:12:07","slug":"mariana-ximenes-prestigia-favela-gala-2025-com-look-sofisticado","status":"publish","type":"post","link":"https:\/\/www.europesays.com\/pt\/63946\/","title":{"rendered":"Mariana Ximenes prestigia Favela Gala 2025 com look sofisticado"},"content":{"rendered":"<p>A atriz <strong>Mariana Ximenes<\/strong> marcou presen\u00e7a no <strong>Favela Gala 2025,<\/strong> realizado na noite desta segunda-feira (8), no hotel Rosewood, em S\u00e3o Paulo.<\/p>\n<p>Para a ocasi\u00e3o, ela escolheu um vestido longo roxo de seda, com modelagem fluida, faixa na cintura e fenda frontal.<\/p>\n<p><img fetchpriority=\"high\" decoding=\"async\" aria-describedby=\"caption-attachment-192840\" class=\"size-medium wp-image-192840\" src=\"https:\/\/www.europesays.com\/pt\/wp-content\/uploads\/2025\/09\/IMG_1097-481x720.jpeg\" alt=\"\" width=\"481\" height=\"720\"  \/><\/p>\n<p id=\"caption-attachment-192840\" class=\"wp-caption-text\">Foto: Andy Santana\/Brazil News<\/p>\n<p><img loading=\"lazy\" decoding=\"async\" aria-describedby=\"caption-attachment-192841\" class=\"size-medium wp-image-192841\" src=\"https:\/\/www.europesays.com\/pt\/wp-content\/uploads\/2025\/09\/IMG_1100-481x720.jpeg\" alt=\"\" width=\"481\" height=\"720\"  \/><\/p>\n<p id=\"caption-attachment-192841\" class=\"wp-caption-text\">Foto: Andy Santana\/Brazil News<\/p>\n<p>O jantar beneficente \u00e9 <strong>promovido pela organiza\u00e7\u00e3o social Gerando Falc\u00f5es<\/strong> e tem como objetivo arrecadar fundos para ampliar projetos voltados \u00e0s comunidades perif\u00e9ricas em todo o pa\u00eds.<\/p>\n<p>Al\u00e9m da presen\u00e7a de celebridades, a programa\u00e7\u00e3o inclui um leil\u00e3o, com possibilidade de participa\u00e7\u00e3o virtual, e um pocket <strong>show de Thiaguinho.<\/strong><\/p>\n<p>Entre os convidados que tamb\u00e9m prestigiaram o evento estavam <a href=\"https:\/\/aloalobahia.com\/noticias\/2025\/09\/08\/isis-valverde-ganha-beijo-de-marcus-buaiz-durante-jantar-beneficente-no-hotel-rosewood\/\" rel=\"nofollow noopener\" target=\"_blank\">Isis Valverde, Marcus Buaiz,<\/a> <a href=\"https:\/\/aloalobahia.com\/noticias\/2025\/09\/08\/sabrina-sato-aposta-em-look-diferentao-no-favela-gala-2025\/\" rel=\"nofollow noopener\" target=\"_blank\">Sabrina Sato,<\/a> <a href=\"https:\/\/aloalobahia.com\/noticias\/2025\/09\/08\/donata-meirelles-e-nizan-guanaes-prestigiam-jantar-beneficente-da-gerando-falcoes-em-sao-paulo\/\" rel=\"nofollow noopener\" target=\"_blank\">Nizan Guanaes, Donata Meirelles<\/a> e <a href=\"https:\/\/aloalobahia.com\/noticias\/2025\/09\/08\/luciano-huck-prestigia-jantar-beneficente-favela-gala-no-rosewood-em-sao-paulo\/\" rel=\"nofollow noopener\" target=\"_blank\">Luciano Huck.<\/a><\/p>\n","protected":false},"excerpt":{"rendered":"A atriz Mariana Ximenes marcou presen\u00e7a no Favela Gala 2025, realizado na noite desta segunda-feira (8), no hotel&hellip;\n","protected":false},"author":2,"featured_media":63947,"comment_status":"","ping_status":"","sticky":false,"template":"","format":"standard","meta":{"footnotes":""},"categories":[145],"tags":[211,210,114,115,32,33],"class_list":{"0":"post-63946","1":"post","2":"type-post","3":"status-publish","4":"format-standard","5":"has-post-thumbnail","7":"category-celebridades","8":"tag-celebridades","9":"tag-celebrities","10":"tag-entertainment","11":"tag-entretenimento","12":"tag-portugal","13":"tag-pt"},"share_on_mastodon":{"url":"","error":""},"_links":{"self":[{"href":"https:\/\/www.europesays.com\/pt\/wp-json\/wp\/v2\/posts\/63946","targetHints":{"allow":["GET"]}}],"collection":[{"href":"https:\/\/www.europesays.com\/pt\/wp-json\/wp\/v2\/posts"}],"about":[{"href":"https:\/\/www.europesays.com\/pt\/wp-json\/wp\/v2\/types\/post"}],"author":[{"embeddable":true,"href":"https:\/\/www.europesays.com\/pt\/wp-json\/wp\/v2\/users\/2"}],"replies":[{"embeddable":true,"href":"https:\/\/www.europesays.com\/pt\/wp-json\/wp\/v2\/comments?post=63946"}],"version-history":[{"count":0,"href":"https:\/\/www.europesays.com\/pt\/wp-json\/wp\/v2\/posts\/63946\/revisions"}],"wp:featuredmedia":[{"embeddable":true,"href":"https:\/\/www.europesays.com\/pt\/wp-json\/wp\/v2\/media\/63947"}],"wp:attachment":[{"href":"https:\/\/www.europesays.com\/pt\/wp-json\/wp\/v2\/media?parent=63946"}],"wp:term":[{"taxonomy":"category","embeddable":true,"href":"https:\/\/www.europesays.com\/pt\/wp-json\/wp\/v2\/categories?post=63946"},{"taxonomy":"post_tag","embeddable":true,"href":"https:\/\/www.europesays.com\/pt\/wp-json\/wp\/v2\/tags?post=63946"}],"curies":[{"name":"wp","href":"https:\/\/api.w.org\/{rel}","templated":true}]}}