{"id":63950,"date":"2025-09-09T06:26:07","date_gmt":"2025-09-09T06:26:07","guid":{"rendered":"https:\/\/www.europesays.com\/pt\/63950\/"},"modified":"2025-09-09T06:26:07","modified_gmt":"2025-09-09T06:26:07","slug":"duda-nagle-chama-atencao-com-mensagem-para-a-ex-sogra-mae-de-sabrina-sato","status":"publish","type":"post","link":"https:\/\/www.europesays.com\/pt\/63950\/","title":{"rendered":"Duda Nagle chama aten\u00e7\u00e3o com mensagem para a ex-sogra, m\u00e3e de Sabrina Sato"},"content":{"rendered":"<p>O ator Duda Nagle postou uma homenagem especial para a ex-sogra, Kika Sato, m\u00e3e de Sabrina Sato, que completou 73 anos nesta segunda (8)<\/p>\n<p><a href=\"https:\/\/caras.com.br\/tags\/duda-nagle\" rel=\"noopener nofollow\" target=\"_blank\"><strong>Duda Nagle<\/strong><\/a> chamou a aten\u00e7\u00e3o dos seguidores das redes sociais ao deixar um recado especial para sua ex-sogra,\u00a0<strong>Kika Sato<\/strong>.\u00a0<\/p>\n<p>\u00c9 que nesta segunda-feira, 8, a m\u00e3e da apresentadora\u00a0<a href=\"https:\/\/caras.com.br\/tags\/sabrina-sato\" rel=\"noopener nofollow\" target=\"_blank\"><strong>Sabrina Sato<\/strong><\/a>completou 73 anos de vida e o ator fez quest\u00e3o de prestar uma homenagem.\u00a0<\/p>\n<p>Nos Stories do Instagram, Duda compartilhou uma foto em que Kika aparece se divertindo em uma piscina ao lado da neta, <strong>Zoe<\/strong>, de seis anos, e deixou uma mensagem de felicita\u00e7\u00e3o. &#8220;Parab\u00e9ns, vov\u00f3 Kika Sato! Muita sa\u00fade e sorte&#8221;, desejou o artista.\u00a0<\/p>\n<p><a href=\"https:\/\/caras.com.br\/datas-especiais\/sabrina-sato-abre-o-coracao-no-aniversario-da-mae-nao-seria-nada-sem-voce.phtml\" rel=\"noopener nofollow\" target=\"_blank\">Sabrina Sato tamb\u00e9m homenageou a m\u00e3e nas redes sociais<\/a>. A apresentadora compartilhou um v\u00eddeo com v\u00e1rios momentos ao lado da m\u00e3e, incluindo de quando era crian\u00e7a, e escreveu uma bela homenagem.\u00a0&#8220;Viva minha rainha, Kika Sato Rahal, dona do sorriso gigante que ilumina e me encoraja todos os dias! M\u00e3e\u2026 minha admira\u00e7\u00e3o por voc\u00ea n\u00e3o cabe em palavras. Sua gentileza com todos, sua for\u00e7a disfar\u00e7ada em do\u00e7ura, sua presen\u00e7a em cada perrengue, risada e at\u00e9 nos conselhos meio &#8220;passa aqui que eu resolvo&#8221; (e \u00e0s vezes at\u00e9 passa meu celular, n\u00e9? ahahah). Eu n\u00e3o seria nada sem voc\u00ea&#8221;, come\u00e7ou o texto.\u00a0\u00a0<\/p>\n<p>&#8220;Obrigada por ser essa super m\u00e3e e essa vov\u00f3 que o Fefe, a Manu, a Zoe e o Arthur tanto amam. Voc\u00ea \u00e9 colo, \u00e9 for\u00e7a, \u00e9 risada e \u00e9 ora\u00e7\u00e3o. Pe\u00e7o a Deus todos os dias que te d\u00ea muita sa\u00fade, porque ainda temos muito pra viver juntas. Eu sigo aprendendo com voc\u00ea, sempre. Te amo pra sempre, rainha da minha vida&#8221;, finalizou a artista.\u00a0<\/p>\n<p><strong>Confira:\u00a0<\/strong><\/p>\n<p><img decoding=\"async\" alt=\"Instagram\" height=\"1021\" loading=\"lazy\" src=\"https:\/\/www.europesays.com\/pt\/wp-content\/uploads\/2025\/09\/duda-nagle-parabeniza-kika-sato.jpeg\" width=\"600\"\/><strong>Duda Nagle parabeniza a ex-sogra &#8211; Foto: Instagram<\/strong>Duda Nagle compartilha foto com nova namorada e faz declara\u00e7\u00e3o<\/p>\n<p>O ator Duda Nagle usou as redes sociais para celebrar o anivers\u00e1rio da namorada, a nutricionista Mariane Heller. Na publica\u00e7\u00e3o, ele compartilhou uma foto ao lado da amada e fez uma declara\u00e7\u00e3o especial.<\/p>\n<p>Na imagem, o casal aparece sorridente durante um passeio \u00e0 beira-mar. &#8220;Feliz anivers\u00e1rio!!! Sou um felizardo por te ter ao meu lado, Mariane hahaha. Te desejo muito amor, sa\u00fade, sorte e muitos anos de vida&#8221;, escreveu ele. Nos coment\u00e1rios, ela reagiu: &#8220;Ahhhh! Obrigada meu felizardo! Eu sou muito felizarda mesmo! Hahaha!&#8221;. <a href=\"https:\/\/caras.com.br\/datas-especiais\/duda-nagle-compartilha-foto-com-nova-namorada-e-faz-declaracao-felizardo.phtml\" rel=\"noopener nofollow\" target=\"_blank\"><strong>Veja a publica\u00e7\u00e3o!<\/strong><\/a><\/p>\n<p><strong>Leia tamb\u00e9m:<\/strong><a href=\"https:\/\/caras.com.br\/atualidades\/sabrina-sato-deixa-recado-para-nova-namorada-de-duda-nagle-feliz.phtml\" rel=\"noopener nofollow\" target=\"_blank\">Sabrina Sato deixa recado para nova namorada de Duda Nagle: &#8216;Feliz&#8217;<\/a><\/p>\n","protected":false},"excerpt":{"rendered":"O ator Duda Nagle postou uma homenagem especial para a ex-sogra, Kika Sato, m\u00e3e de Sabrina Sato, que&hellip;\n","protected":false},"author":2,"featured_media":63951,"comment_status":"","ping_status":"","sticky":false,"template":"","format":"standard","meta":{"footnotes":""},"categories":[145],"tags":[996,211,210,17692,114,115,17693,32,33,3792,12859],"class_list":{"0":"post-63950","1":"post","2":"type-post","3":"status-publish","4":"format-standard","5":"has-post-thumbnail","7":"category-celebridades","8":"tag-aniversario","9":"tag-celebridades","10":"tag-celebrities","11":"tag-duda-nagle","12":"tag-entertainment","13":"tag-entretenimento","14":"tag-kika-sato","15":"tag-portugal","16":"tag-pt","17":"tag-sabrina-sato","18":"tag-zoe"},"share_on_mastodon":{"url":"","error":""},"_links":{"self":[{"href":"https:\/\/www.europesays.com\/pt\/wp-json\/wp\/v2\/posts\/63950","targetHints":{"allow":["GET"]}}],"collection":[{"href":"https:\/\/www.europesays.com\/pt\/wp-json\/wp\/v2\/posts"}],"about":[{"href":"https:\/\/www.europesays.com\/pt\/wp-json\/wp\/v2\/types\/post"}],"author":[{"embeddable":true,"href":"https:\/\/www.europesays.com\/pt\/wp-json\/wp\/v2\/users\/2"}],"replies":[{"embeddable":true,"href":"https:\/\/www.europesays.com\/pt\/wp-json\/wp\/v2\/comments?post=63950"}],"version-history":[{"count":0,"href":"https:\/\/www.europesays.com\/pt\/wp-json\/wp\/v2\/posts\/63950\/revisions"}],"wp:featuredmedia":[{"embeddable":true,"href":"https:\/\/www.europesays.com\/pt\/wp-json\/wp\/v2\/media\/63951"}],"wp:attachment":[{"href":"https:\/\/www.europesays.com\/pt\/wp-json\/wp\/v2\/media?parent=63950"}],"wp:term":[{"taxonomy":"category","embeddable":true,"href":"https:\/\/www.europesays.com\/pt\/wp-json\/wp\/v2\/categories?post=63950"},{"taxonomy":"post_tag","embeddable":true,"href":"https:\/\/www.europesays.com\/pt\/wp-json\/wp\/v2\/tags?post=63950"}],"curies":[{"name":"wp","href":"https:\/\/api.w.org\/{rel}","templated":true}]}}