{"id":63952,"date":"2025-09-09T06:32:17","date_gmt":"2025-09-09T06:32:17","guid":{"rendered":"https:\/\/www.europesays.com\/pt\/63952\/"},"modified":"2025-09-09T06:32:17","modified_gmt":"2025-09-09T06:32:17","slug":"varias-promessas-da-formacao-abandonaram-o-clube","status":"publish","type":"post","link":"https:\/\/www.europesays.com\/pt\/63952\/","title":{"rendered":"v\u00e1rias promessas da forma\u00e7\u00e3o abandonaram o clube"},"content":{"rendered":"<p><strong>O Benfica realizou v\u00e1rias mudan\u00e7as no plantel principal e alguns jovens mudaram-se para outros emblemas para somarem mais minutos.<\/strong><\/p>\n<p>O Benfica est\u00e1 em busca de voltar a conquistar a Primeira Liga, al\u00e9m de realizar uma presta\u00e7\u00e3o satisfat\u00f3ria na Champions League, levando a que v\u00e1rias contrata\u00e7\u00f5es chegassem \u00e0 Luz. Isto fez com que certos elementos dos escal\u00f5es de forma\u00e7\u00e3o do emblema da Luz decidissem abandonar o conjunto lisboeta.<\/p>\n<p>Martim Neto foi um dos jogadores que deixou o Benfica, rumando ao Elche por um milh\u00e3o e meio de euros. O m\u00e9dio foi considerado durante alguns anos um dos futuros centrocampistas dos encarnados. Hugo F\u00e9lix, seu colega na posi\u00e7\u00e3o, embora posicionado mais \u00e0 frente, deixou a equipa a custo zero para assinar pelo Tondela.<\/p>\n<p>Na baliza, Andr\u00e9 Gomes sabia que n\u00e3o teria espa\u00e7o com Anatoliy Trubin e Samuel Soares e foi cedido ao Alverca, para ganhar experi\u00eancia na Primeira Liga. <a href=\"https:\/\/bolanarede.pt\/etiqueta\/adrian-bajrami\/\" target=\"_blank\" rel=\"noreferrer noopener nofollow\">Adrian Bajrami<\/a> foi um dos centrais que abandonou a Luz, rumando por empr\u00e9stimo ao Luzern. Tiago Gouveia, possivelmente um dos nomes mais sonantes da forma\u00e7\u00e3o do Benfica, assinou pelo Nice, num empr\u00e9stimo com op\u00e7\u00e3o de compra.<\/p>\n<p>J\u00e1 na frente de ataque, O Benfica viu Gustavo Varela assinar pelo Gil Vicente, tamb\u00e9m por empr\u00e9stimo, para que Bruno Lage verifique se pode ser uma boa op\u00e7\u00e3o para a equipa principal em 2026\/27.<\/p>\n","protected":false},"excerpt":{"rendered":"O Benfica realizou v\u00e1rias mudan\u00e7as no plantel principal e alguns jovens mudaram-se para outros emblemas para somarem mais&hellip;\n","protected":false},"author":2,"featured_media":63953,"comment_status":"","ping_status":"","sticky":false,"template":"","format":"standard","meta":{"footnotes":""},"categories":[87],"tags":[260,51,135,478,32,479,33,134],"class_list":{"0":"post-63952","1":"post","2":"type-post","3":"status-publish","4":"format-standard","5":"has-post-thumbnail","7":"category-desporto","8":"tag-atualidade","9":"tag-benfica","10":"tag-desporto","11":"tag-destaques-bnr","12":"tag-portugal","13":"tag-primeira-liga","14":"tag-pt","15":"tag-sports"},"share_on_mastodon":{"url":"","error":""},"_links":{"self":[{"href":"https:\/\/www.europesays.com\/pt\/wp-json\/wp\/v2\/posts\/63952","targetHints":{"allow":["GET"]}}],"collection":[{"href":"https:\/\/www.europesays.com\/pt\/wp-json\/wp\/v2\/posts"}],"about":[{"href":"https:\/\/www.europesays.com\/pt\/wp-json\/wp\/v2\/types\/post"}],"author":[{"embeddable":true,"href":"https:\/\/www.europesays.com\/pt\/wp-json\/wp\/v2\/users\/2"}],"replies":[{"embeddable":true,"href":"https:\/\/www.europesays.com\/pt\/wp-json\/wp\/v2\/comments?post=63952"}],"version-history":[{"count":0,"href":"https:\/\/www.europesays.com\/pt\/wp-json\/wp\/v2\/posts\/63952\/revisions"}],"wp:featuredmedia":[{"embeddable":true,"href":"https:\/\/www.europesays.com\/pt\/wp-json\/wp\/v2\/media\/63953"}],"wp:attachment":[{"href":"https:\/\/www.europesays.com\/pt\/wp-json\/wp\/v2\/media?parent=63952"}],"wp:term":[{"taxonomy":"category","embeddable":true,"href":"https:\/\/www.europesays.com\/pt\/wp-json\/wp\/v2\/categories?post=63952"},{"taxonomy":"post_tag","embeddable":true,"href":"https:\/\/www.europesays.com\/pt\/wp-json\/wp\/v2\/tags?post=63952"}],"curies":[{"name":"wp","href":"https:\/\/api.w.org\/{rel}","templated":true}]}}