{"id":63954,"date":"2025-09-09T06:33:10","date_gmt":"2025-09-09T06:33:10","guid":{"rendered":"https:\/\/www.europesays.com\/pt\/63954\/"},"modified":"2025-09-09T06:33:10","modified_gmt":"2025-09-09T06:33:10","slug":"so-81-casos-semelhantes-foram-registrados-no-ultimo-seculo","status":"publish","type":"post","link":"https:\/\/www.europesays.com\/pt\/63954\/","title":{"rendered":"s\u00f3 81 casos semelhantes foram registrados no \u00faltimo s\u00e9culo"},"content":{"rendered":"\n<p class=\" content-text__container theme-color-primary-first-letter\" data-track-category=\"Link no Texto\" data-track-links=\"\"> H\u00e1 quem imagine drag\u00f5es. Mas uma mulher holandesa vivia com eles desde a inf\u00e2ncia. Qualquer pessoa que se aproximasse dela ganhava a face de um drag\u00e3o. Na verdade, os drag\u00f5es, para ela, estavam em toda parte. Apareciam e desapareciam sem aviso. <\/p>\n<ul class=\"content-unordered-list\">\n<li><strong>Entrevista:<\/strong> <a class=\"\" href=\"https:\/\/oglobo.globo.com\/saude\/noticia\/2025\/09\/08\/pela-1a-vez-em-decadas-teremos-avancos-significativos-no-tratamento-de-parkinson-com-novas-drogas-diz-executivo-da-bayer.ghtml\" rel=\"nofollow noopener\" target=\"_blank\">&#8216;Pela 1\u00aa vez em d\u00e9cadas, teremos avan\u00e7os significativos no tratamento de Parkinson com novas drogas&#8217;, diz executivo da Bayer<\/a><\/li>\n<li><strong>An\u00fancio pol\u00eamico:<\/strong> <a class=\"\" href=\"https:\/\/oglobo.globo.com\/saude\/noticia\/2025\/09\/08\/russia-diz-que-vacina-contra-cancer-esta-pronta-para-uso-entenda-por-que-anuncio-e-polemico.ghtml\" rel=\"nofollow noopener\" target=\"_blank\">R\u00fassia diz que vacina contra c\u00e2ncer est\u00e1 \u2018pronta para uso\u2019; entenda<\/a><\/li>\n<\/ul>\n<p class=\" content-text__container \" data-track-category=\"Link no Texto\" data-track-links=\"\"> Ela n\u00e3o inventava. De fato, os via. N\u00e3o se tratava de m\u00e1gica ou bruxaria. E sim de um dist\u00farbio neurol\u00f3gico extremamente raro chamado prosopometamorfopsia (PMO), cujos portadores enxergam faces distorcidas. <\/p>\n<p class=\" content-text__container \" data-track-category=\"Link no Texto\" data-track-links=\"\"> Uma revis\u00e3o m\u00e9dica de 2021 na revista Cortex registrou apenas 81 casos em 100 anos, em todo o mundo. Mas o caso da holandesa e seus drag\u00f5es, por\u00e9m, \u00e9 \u00fanico. Foi descrito na revista m\u00e9dica The Lancet e destacado pela LiveScience, numa s\u00e9rie sobre desafios de diagn\u00f3stico. <\/p>\n<p class=\" content-text__container \" data-track-category=\"Link no Texto\" data-track-links=\"\"> A mulher come\u00e7ou a ver drag\u00f5es na inf\u00e2ncia, mas foi s\u00f3 quando adulta, aos 52 anos, que decidiu buscar ajuda numa cl\u00ednica psiqui\u00e1trica de Haia, na Holanda. Ela contou aos m\u00e9dicos que conseguia perceber e reconhecer rostos reais, mas, ap\u00f3s alguns minutos, eles ficavam escuros ou mesmo pretos. <\/p>\n<p class=\" content-text__container \" data-track-category=\"Link no Texto\" data-track-links=\"\"> Depois, gradualmente, cresciam orelhas longas e pontiagudas. Surgia um focinho protuberante e as pessoas passavam a ter pele reptiliana com olhos enormes em tons vivos de amarelo, verde, azul ou vermelho. <\/p>\n<p class=\" content-text__container \" data-track-category=\"Link no Texto\" data-track-links=\"\"> Ela tamb\u00e9m via faces semelhantes a drag\u00f5es se aproximando diversas vezes ao dia. Os drag\u00f5es surgiam das paredes, tomadas ou da tela do computador, tanto na presen\u00e7a quanto na aus\u00eancia de padr\u00f5es faciais. \u00c0 noite era pior. Ela era assombrada por muitas caras de drag\u00e3o no escuro. <\/p>\n<ul class=\"content-unordered-list\">\n<li><strong>Carne vermelha: <\/strong><a class=\"\" href=\"https:\/\/oglobo.globo.com\/saude\/noticia\/2025\/09\/08\/carne-vermelha-novo-estudo-afirma-que-o-alimento-protege-contra-mortes-relacionadas-ao-cancer-sera.ghtml\" rel=\"nofollow noopener\" target=\"_blank\">novo estudo afirma que o alimento protege contra mortes relacionadas ao c\u00e2ncer. Ser\u00e1?<\/a><\/li>\n<\/ul>\n<p class=\" content-text__container \" data-track-category=\"Link no Texto\" data-track-links=\"\"> Os drag\u00f5es a acompanharam por toda a vida. Mas se tornaram mais frequentes \u00e0 medida que ficava mais velha. Como esperado, os drag\u00f5es come\u00e7aram a dificultar suas rela\u00e7\u00f5es sociais e afetivas. <\/p>\n<p class=\" content-text__container \" data-track-category=\"Link no Texto\" data-track-links=\"\"> A mulher passou a n\u00e3o conseguir mais conversar com amigos e parentes. N\u00e3o se relacionava com ningu\u00e9m. Qualquer contato, era um sofrimento. <\/p>\n<p class=\" content-text__container \" data-track-category=\"Link no Texto\" data-track-links=\"\"> Para investigar o caso, os m\u00e9dicos liderados por Jan Dirk Blom, do Instituto de Psiquiatria Parnassia, em Haia, realizaram uma s\u00e9rie de testes. Mas exames de sangue, encefalograma e uma avalia\u00e7\u00e3o neurol\u00f3gica n\u00e3o indicaram anormalidades. <\/p>\n<p class=\" content-text__container \" data-track-category=\"Link no Texto\" data-track-links=\"\"> No entanto, uma resson\u00e2ncia magn\u00e9tica (MRI) revelou les\u00f5es pr\u00f3ximas ao n\u00facleo lentiforme. Esta \u00e9 uma regi\u00e3o do c\u00e9rebro ligada a fun\u00e7\u00f5es cognitivas como aten\u00e7\u00e3o e mem\u00f3ria, que tamb\u00e9m \u00e9 frequentemente associada a dist\u00farbios psiqui\u00e1tricos, incluindo esquizofrenia. <\/p>\n<p class=\" content-text__container \" data-track-category=\"Link no Texto\" data-track-links=\"\"> As les\u00f5es acometiam a mat\u00e9ria branca, o \u201cisolante\u201d que conecta diferentes \u00e1reas cerebrais, e os m\u00e9dicos levantaram a possibilidade de que pudessem ter sido causadas por rupturas em pequenos vasos sangu\u00edneos. O dano n\u00e3o era recente e poderia ter se formado no in\u00edcio da vida. <\/p>\n<ul class=\"content-unordered-list\">\n<li><strong>Exerc\u00edcio dos samurais: <\/strong><a class=\"\" href=\"https:\/\/oglobo.globo.com\/saude\/noticia\/2025\/09\/06\/exercicio-de-origem-samurai-combate-o-enfraquecimento-muscular-em-apenas-5-minutos-por-dia-e-sem-equipamentos.ghtml\" rel=\"nofollow noopener\" target=\"_blank\">t\u00e9cnica combate enfraquecimento muscular com apenas 5 minutos por dia<\/a><\/li>\n<\/ul>\n<p class=\" content-text__container \" data-track-category=\"Link no Texto\" data-track-links=\"\"> Embora o eletroencefalograma n\u00e3o tenha mostrado altera\u00e7\u00f5es, Blom e seus colegas relataram na Lancet suspeitar de uma atividade el\u00e9trica at\u00edpica em regi\u00f5es do c\u00e9rebro respons\u00e1veis pelo processamento de cores e rostos. A hip\u00f3tese deles foi que altera\u00e7\u00f5es no c\u00f3rtex occipitotemporal ventral causavam as alucina\u00e7\u00f5es. <\/p>\n<p class=\" content-text__container \" data-track-category=\"Link no Texto\" data-track-links=\"\"> Essa estrutura, localizada na parte de tr\u00e1s do c\u00e9rebro, \u00e9 fundamental para reconhecer objetos e identificar rostos humanos. <\/p>\n<p class=\" content-text__container \" data-track-category=\"Link no Texto\" data-track-links=\"\"> As les\u00f5es na mat\u00e9ria branca poderiam causar a atividade el\u00e9trica incomum. Para os pesquisadores, os problemas podem ter come\u00e7ado no nascimento. Uma possibilidade seria uma breve falta de oxig\u00eanio antes ou logo ap\u00f3s o parto. <\/p>\n<p class=\" content-text__container \" data-track-category=\"Link no Texto\" data-track-links=\"\"> Uma das hip\u00f3teses iniciais foi que a mulher sofresse da chamada s\u00edndrome de Alice no Pa\u00eds das Maravilhas. Pessoas com essa condi\u00e7\u00e3o neurol\u00f3gica sofrem distor\u00e7\u00f5es perceptivas. Estas fazem com que objetos e partes do corpo pare\u00e7am mudar de tamanho, forma ou dist\u00e2ncia, e o tempo possa parecer distorcido. Essas sensa\u00e7\u00f5es bizarras s\u00e3o semelhantes \u00e0s experi\u00eancias da personagem Alice no romance de Lewis Carroll, da\u00ed o nome. <\/p>\n<ul class=\"content-unordered-list\">\n<li><strong>Ci\u00eancia:<\/strong> <a class=\"\" href=\"https:\/\/oglobo.globo.com\/saude\/noticia\/2025\/09\/08\/cientistas-descobrem-proteina-que-desacelera-o-cerebro-envelhecido-e-como-manipula-la.ghtml\" rel=\"nofollow noopener\" target=\"_blank\">pesquisadores descobrem prote\u00edna que desacelera o c\u00e9rebro envelhecido e como manipul\u00e1-la<\/a><\/li>\n<\/ul>\n<p class=\" content-text__container \" data-track-category=\"Link no Texto\" data-track-links=\"\"> A s\u00edndrome n\u00e3o \u00e9 uma doen\u00e7a, mas um sintoma que pode ser causado por condi\u00e7\u00f5es como enxaquecas, epilepsia, infec\u00e7\u00f5es (como o v\u00edrus Epstein-Barr) e certos medicamentos. <\/p>\n<p class=\" content-text__container \" data-track-category=\"Link no Texto\" data-track-links=\"\"> Por\u00e9m, os cientistas acabaram por concluir que se tratava de um caso especial de prosopometamorfopsia. Pacientes com esse dist\u00farbio veem rostos distorcidos. Alguns enxergam faces alongadas, outros encolhidas. H\u00e1 quem s\u00f3 veja borr\u00f5es ou fei\u00e7\u00f5es grotescas. <\/p>\n<p class=\" content-text__container \" data-track-category=\"Link no Texto\" data-track-links=\"\"> Mas nenhum caso tinha tamanha intensidade, ao ponto de o resultado ser a cara de um drag\u00e3o. Tampouco eram t\u00e3o duradouros. As distor\u00e7\u00f5es costumam perdurar por dias ou meses. Mas na mulher dos drag\u00f5es eram quest\u00e3o de anos. <\/p>\n<p class=\" content-text__container \" data-track-category=\"Link no Texto\" data-track-links=\"\"> Para livrar sua paciente de uma vida assombrada por monstros que lhe pareciam bem reais, os psiquiatras primeiro lhe receitaram \u00e1cido valpr\u00f3ico, um anticonvulsivo que previne crises epil\u00e9pticas e tamb\u00e9m alivia enxaquecas e sintomas do transtorno bipolar. O tratamento mandou os drag\u00f5es embora. <\/p>\n<p class=\" content-text__container \" data-track-category=\"Link no Texto\" data-track-links=\"\"> Os drag\u00f5es se foram, mas surgiram alucina\u00e7\u00f5es auditivas. Quando ela adormecia, escutava fortes batidas. Os m\u00e9dicos ent\u00e3o lhe prescreveram rivastigmina, medicamento empregado contra sintomas de dem\u00eancia causados por Alzheimer ou Parkinson. <\/p>\n<p class=\" content-text__container \" data-track-category=\"Link no Texto\" data-track-links=\"\"> Ap\u00f3s tr\u00eas anos de tratamento, as alucina\u00e7\u00f5es visuais e auditivas finalmente deram tr\u00e9gua \u00e0 mulher. Se tornaram pouco frequentes e bem mais brandas. A holandesa conseguiu voltar a ter vida social e at\u00e9 a trabalhar. <\/p>\n<ul class=\"content-unordered-list\">\n<li><strong>Obesidade: <\/strong><a class=\"\" href=\"https:\/\/oglobo.globo.com\/saude\/noticia\/2025\/09\/08\/obesidade-justica-suspende-prorrogacao-da-patente-da-liraglutida-da-caneta-emagrecedora-saxenda.ghtml\" rel=\"nofollow noopener\" target=\"_blank\">justi\u00e7a suspende prorroga\u00e7\u00e3o da patente da liraglutida, da caneta emagrecedora Saxenda<\/a><\/li>\n<\/ul>\n<p class=\" content-text__container \" data-track-category=\"Link no Texto\" data-track-links=\"\"> Especialistas destacam que o caso n\u00e3o apenas impressiona pela intensidade, mas tamb\u00e9m oferece insights importantes sobre como o c\u00e9rebro processa rostos e cores. A prosopometamorfopsia \u00e9 muito rara, e casos em que a percep\u00e7\u00e3o \u00e9 t\u00e3o intensa e persistente desde a inf\u00e2ncia s\u00e3o ainda mais incomuns. <\/p>\n<p class=\" content-text__container \" data-track-category=\"Link no Texto\" data-track-links=\"\"> A combina\u00e7\u00e3o de les\u00f5es cerebrais cong\u00eanitas e atividade el\u00e9trica at\u00edpica sugere que algumas percep\u00e7\u00f5es podem ser profundamente enraizadas na forma como o c\u00e9rebro est\u00e1 estruturado desde cedo, mesmo sem afetar outras fun\u00e7\u00f5es cognitivas de forma evidente. <\/p>\n<p class=\" content-text__container \" data-track-category=\"Link no Texto\" data-track-links=\"\"> O relato da paciente e o estudo detalhado de seu caso tamb\u00e9m destacaram a complexidade da mente humana e como o c\u00e9rebro pode criar experi\u00eancias visuais extraordin\u00e1rias. <\/p>\n","protected":false},"excerpt":{"rendered":"H\u00e1 quem imagine drag\u00f5es. Mas uma mulher holandesa vivia com eles desde a inf\u00e2ncia. Qualquer pessoa que se&hellip;\n","protected":false},"author":2,"featured_media":63955,"comment_status":"","ping_status":"","sticky":false,"template":"","format":"standard","meta":{"footnotes":""},"categories":[86],"tags":[116,32,33,679,117],"class_list":{"0":"post-63954","1":"post","2":"type-post","3":"status-publish","4":"format-standard","5":"has-post-thumbnail","7":"category-saude","8":"tag-health","9":"tag-portugal","10":"tag-pt","11":"tag-reportagem","12":"tag-saude"},"share_on_mastodon":{"url":"","error":""},"_links":{"self":[{"href":"https:\/\/www.europesays.com\/pt\/wp-json\/wp\/v2\/posts\/63954","targetHints":{"allow":["GET"]}}],"collection":[{"href":"https:\/\/www.europesays.com\/pt\/wp-json\/wp\/v2\/posts"}],"about":[{"href":"https:\/\/www.europesays.com\/pt\/wp-json\/wp\/v2\/types\/post"}],"author":[{"embeddable":true,"href":"https:\/\/www.europesays.com\/pt\/wp-json\/wp\/v2\/users\/2"}],"replies":[{"embeddable":true,"href":"https:\/\/www.europesays.com\/pt\/wp-json\/wp\/v2\/comments?post=63954"}],"version-history":[{"count":0,"href":"https:\/\/www.europesays.com\/pt\/wp-json\/wp\/v2\/posts\/63954\/revisions"}],"wp:featuredmedia":[{"embeddable":true,"href":"https:\/\/www.europesays.com\/pt\/wp-json\/wp\/v2\/media\/63955"}],"wp:attachment":[{"href":"https:\/\/www.europesays.com\/pt\/wp-json\/wp\/v2\/media?parent=63954"}],"wp:term":[{"taxonomy":"category","embeddable":true,"href":"https:\/\/www.europesays.com\/pt\/wp-json\/wp\/v2\/categories?post=63954"},{"taxonomy":"post_tag","embeddable":true,"href":"https:\/\/www.europesays.com\/pt\/wp-json\/wp\/v2\/tags?post=63954"}],"curies":[{"name":"wp","href":"https:\/\/api.w.org\/{rel}","templated":true}]}}