{"id":63956,"date":"2025-09-09T06:40:10","date_gmt":"2025-09-09T06:40:10","guid":{"rendered":"https:\/\/www.europesays.com\/pt\/63956\/"},"modified":"2025-09-09T06:40:10","modified_gmt":"2025-09-09T06:40:10","slug":"viriato-quintela-recorda-percurso-no-big-brother-verao-e-deixa-declaracao-comovente-big-brother","status":"publish","type":"post","link":"https:\/\/www.europesays.com\/pt\/63956\/","title":{"rendered":"Viriato Quintela recorda percurso no Big Brother Ver\u00e3o e deixa declara\u00e7\u00e3o comovente &#8211; Big Brother"},"content":{"rendered":"<p>No Especial do Big Brother Ver\u00e3o, Viriato Quintela abriu o cora\u00e7\u00e3o no confession\u00e1rio e refletiu sobre tudo o que viveu ao longo desta intensa experi\u00eancia na casa mais vigiada do Pa\u00eds. O ator confessou que a passagem pelo reality show o marcou profundamente, sobretudo pelos la\u00e7os criados com os colegas.\u00a0Visivelmente emocionado, Viriato destacou a intensidade da conviv\u00eancia di\u00e1ria, as dificuldades ultrapassadas e os momentos partilhados que, segundo ele, v\u00e3o ficar para sempre na mem\u00f3ria.\u00a0O concorrente acaba mesmo por dizer:\u00a0\u00abN\u00f3s somos pessoas especiais para sempre na vida uns dos outros\u00bb<\/p>\n<p>Ontem, na gala do Big Brother, foi noite de muitas surpresas e emo\u00e7\u00f5es \u00e0 flor da pele!\u00a0<strong>Bruna\u00a0<\/strong>foi a concorrente expulsa, e por isso fica fora do leque dos finalistas.\u00a0<a href=\"https:\/\/tvi.iol.pt\/bigbrother\/afonso-leitao\/jessica-vieira\/as-palavras-mais-esperadas-afonso-quebra-silencio-sobre-a-relacao-com-jessica-nao-era-verdade\" wbo-id=\"33\" rel=\"nofollow noopener\" target=\"_blank\">Afonso Leit\u00e3o fez a sua Curva da Vida perante o Pa\u00eds inteiro, um percurso de vida recheado de revela\u00e7\u00f5es fortes, nomeadamente sobre o seu namoro com a ex-J\u00e9ssica Vieira<\/a>. J\u00e1 a pr\u00f3pria J\u00e9ssica Vieira foi salva em 1\u00ba lugar com uma percentagem impressionante.\u00a0<a href=\"https:\/\/tvi.iol.pt\/bigbrother\/jessica-vieira\/catarina-miranda\/miranda-com-nojo-de-jessica-discussao-explode-em-plena-gala-e-maria-botelho-moniz-repoe-a-verdade\" wbo-id=\"34\" rel=\"nofollow noopener\" target=\"_blank\">Discuss\u00e3o forte entre Catarina Miranda e J\u00e9ssica Vieira &#8216;explode&#8217; durante o direto.<\/a><\/p>\n<p><a href=\"https:\/\/tvi.iol.pt\/bigbrother\/aominuto\" wbo-id=\"35\" rel=\"nofollow noopener\" target=\"_blank\">Acompanhe ao minuto, tudo o que se passa no Big Brother Ver\u00e3o!<\/a><\/p>\n","protected":false},"excerpt":{"rendered":"No Especial do Big Brother Ver\u00e3o, Viriato Quintela abriu o cora\u00e7\u00e3o no confession\u00e1rio e refletiu sobre tudo o&hellip;\n","protected":false},"author":2,"featured_media":63957,"comment_status":"","ping_status":"","sticky":false,"template":"","format":"standard","meta":{"footnotes":""},"categories":[145],"tags":[331,48,211,210,329,333,328,335,336,114,115,334,332,330,13,32,33,162,227,2262],"class_list":{"0":"post-63956","1":"post","2":"type-post","3":"status-publish","4":"format-standard","5":"has-post-thumbnail","7":"category-celebridades","8":"tag-big","9":"tag-big-brother","10":"tag-celebridades","11":"tag-celebrities","12":"tag-claudio-ramos","13":"tag-comentadores","14":"tag-concorrentes","15":"tag-confrontos","16":"tag-discussoes","17":"tag-entertainment","18":"tag-entretenimento","19":"tag-exclusivos","20":"tag-expulso","21":"tag-gala","22":"tag-noticias","23":"tag-portugal","24":"tag-pt","25":"tag-tvi","26":"tag-videos","27":"tag-viriato-quintela"},"share_on_mastodon":{"url":"","error":""},"_links":{"self":[{"href":"https:\/\/www.europesays.com\/pt\/wp-json\/wp\/v2\/posts\/63956","targetHints":{"allow":["GET"]}}],"collection":[{"href":"https:\/\/www.europesays.com\/pt\/wp-json\/wp\/v2\/posts"}],"about":[{"href":"https:\/\/www.europesays.com\/pt\/wp-json\/wp\/v2\/types\/post"}],"author":[{"embeddable":true,"href":"https:\/\/www.europesays.com\/pt\/wp-json\/wp\/v2\/users\/2"}],"replies":[{"embeddable":true,"href":"https:\/\/www.europesays.com\/pt\/wp-json\/wp\/v2\/comments?post=63956"}],"version-history":[{"count":0,"href":"https:\/\/www.europesays.com\/pt\/wp-json\/wp\/v2\/posts\/63956\/revisions"}],"wp:featuredmedia":[{"embeddable":true,"href":"https:\/\/www.europesays.com\/pt\/wp-json\/wp\/v2\/media\/63957"}],"wp:attachment":[{"href":"https:\/\/www.europesays.com\/pt\/wp-json\/wp\/v2\/media?parent=63956"}],"wp:term":[{"taxonomy":"category","embeddable":true,"href":"https:\/\/www.europesays.com\/pt\/wp-json\/wp\/v2\/categories?post=63956"},{"taxonomy":"post_tag","embeddable":true,"href":"https:\/\/www.europesays.com\/pt\/wp-json\/wp\/v2\/tags?post=63956"}],"curies":[{"name":"wp","href":"https:\/\/api.w.org\/{rel}","templated":true}]}}