{"id":63958,"date":"2025-09-09T06:46:17","date_gmt":"2025-09-09T06:46:17","guid":{"rendered":"https:\/\/www.europesays.com\/pt\/63958\/"},"modified":"2025-09-09T06:46:17","modified_gmt":"2025-09-09T06:46:17","slug":"nacional-admite-falta-de-comparencia-no-jogo-contra-o-fc-porto-futebol","status":"publish","type":"post","link":"https:\/\/www.europesays.com\/pt\/63958\/","title":{"rendered":"Nacional admite falta de compar\u00eancia no jogo contra o FC Porto | Futebol"},"content":{"rendered":"<p>O Nacional da Madeira pondera faltar ao jogo com o FC Porto, no Est\u00e1dio do Drag\u00e3o, relativo \u00e0 quinta jornada da I Liga. A partida estava inicialmente agendada para domingo, dia 14, mas foi posteriormente alterada para dia 13, \u00e0s 18h. Ora, o clube insular alega que n\u00e3o consegue encontrar alternativa para viajar antes da data inicialmente indicada.<\/p>\n<p>&#8220;O Nacional informa que pondera dar falta de compar\u00eancia a este encontro por at\u00e9 \u00e0 data n\u00e3o ter recebido uma alternativa de viagem vi\u00e1vel e condizente com uma equipa de futebol profissional&#8221;, l\u00ea-se no comunicado dos madeirenses.<\/p>\n<p>O comunicado do Nacional na \u00edntegra:<\/p>\n<p>&#8220;Nos primeiros dias do m\u00eas de Julho o Kick-off da Liga Portugal recebeu o sorteio das competi\u00e7\u00f5es profissionais de futebol para a \u00e9poca 2025\/2026. Tal como sempre aconteceu em anos anteriores \u2013 e acontece com outras comitivas insulares, o Clube Desportivo Nacional realizou a marca\u00e7\u00e3o das viagens a\u00e9reas para as suas 17 desloca\u00e7\u00f5es tendo por base as datas oficiais de cada jornada. Sempre que tal se considera necess\u00e1rio, o CD Nacional agiliza posteriormente as mudan\u00e7as de datas e hor\u00e1rios dos voos ajustados \u00e0s altera\u00e7\u00f5es sofridas em cada jornada futebol\u00edstica.<\/p>\n<p>Visto que a jornada 5 da Liga Portugal Betlic tinha como data oficial o dia 14 \u2013 domingo, num encontro que ir\u00e1 opor o FC Porto ao CD Nacional, no Est\u00e1dio do Drag\u00e3o, a comitiva alvi-negra tinha marca\u00e7\u00e3o de viagem a\u00e9rea com partida desde o Aeroporto da Madeira para a manh\u00e3 da v\u00e9spera \u2013 s\u00e1bado, dia 13. Posto isto, e mesmo alertada para dificuldades numa eventual altera\u00e7\u00e3o de toda a log\u00edstica associada, a Liga Portugal decidiu a 1 de Setembro a altera\u00e7\u00e3o da partida diante do FC Porto para a tarde de s\u00e1bado, \u00e0s 18h00.<\/p>\n<p>Ap\u00f3s v\u00e1rios e consecutivos esfor\u00e7os junto da companhia a\u00e9rea TAP Portugal para a remarca\u00e7\u00e3o das viagens associadas a esta desloca\u00e7\u00e3o, o CD Nacional informa que pondera dar falta de compar\u00eancia a este encontro por at\u00e9 \u00e0 data n\u00e3o ter recebido uma alternativa de viagem vi\u00e1vel e condizente com uma equipa de futebol profissional.<\/p>\n<p>O CD Nacional reitera manter todas as condi\u00e7\u00f5es para disputar esta jornada no domingo, dia 14, no Est\u00e1dio do Drag\u00e3o.&#8221;<\/p>\n","protected":false},"excerpt":{"rendered":"O Nacional da Madeira pondera faltar ao jogo com o FC Porto, no Est\u00e1dio do Drag\u00e3o, relativo \u00e0&hellip;\n","protected":false},"author":2,"featured_media":63959,"comment_status":"","ping_status":"","sticky":false,"template":"","format":"standard","meta":{"footnotes":""},"categories":[87],"tags":[135,282,524,280,281,12881,32,33,134],"class_list":{"0":"post-63958","1":"post","2":"type-post","3":"status-publish","4":"format-standard","5":"has-post-thumbnail","7":"category-desporto","8":"tag-desporto","9":"tag-fc-porto","10":"tag-futebol","11":"tag-futebol-nacional","12":"tag-i-liga","13":"tag-nacional-da-madeira","14":"tag-portugal","15":"tag-pt","16":"tag-sports"},"share_on_mastodon":{"url":"","error":""},"_links":{"self":[{"href":"https:\/\/www.europesays.com\/pt\/wp-json\/wp\/v2\/posts\/63958","targetHints":{"allow":["GET"]}}],"collection":[{"href":"https:\/\/www.europesays.com\/pt\/wp-json\/wp\/v2\/posts"}],"about":[{"href":"https:\/\/www.europesays.com\/pt\/wp-json\/wp\/v2\/types\/post"}],"author":[{"embeddable":true,"href":"https:\/\/www.europesays.com\/pt\/wp-json\/wp\/v2\/users\/2"}],"replies":[{"embeddable":true,"href":"https:\/\/www.europesays.com\/pt\/wp-json\/wp\/v2\/comments?post=63958"}],"version-history":[{"count":0,"href":"https:\/\/www.europesays.com\/pt\/wp-json\/wp\/v2\/posts\/63958\/revisions"}],"wp:featuredmedia":[{"embeddable":true,"href":"https:\/\/www.europesays.com\/pt\/wp-json\/wp\/v2\/media\/63959"}],"wp:attachment":[{"href":"https:\/\/www.europesays.com\/pt\/wp-json\/wp\/v2\/media?parent=63958"}],"wp:term":[{"taxonomy":"category","embeddable":true,"href":"https:\/\/www.europesays.com\/pt\/wp-json\/wp\/v2\/categories?post=63958"},{"taxonomy":"post_tag","embeddable":true,"href":"https:\/\/www.europesays.com\/pt\/wp-json\/wp\/v2\/tags?post=63958"}],"curies":[{"name":"wp","href":"https:\/\/api.w.org\/{rel}","templated":true}]}}