{"id":63962,"date":"2025-09-09T06:54:08","date_gmt":"2025-09-09T06:54:08","guid":{"rendered":"https:\/\/www.europesays.com\/pt\/63962\/"},"modified":"2025-09-09T06:54:08","modified_gmt":"2025-09-09T06:54:08","slug":"virginia-fonseca-revela-detalhes-da-festa-de-1-ano-de-jose-leonardo","status":"publish","type":"post","link":"https:\/\/www.europesays.com\/pt\/63962\/","title":{"rendered":"Virginia Fonseca revela detalhes da festa de 1 ano de Jos\u00e9 Leonardo"},"content":{"rendered":"<p>Jos\u00e9 Leonardo, filho ca\u00e7ula de Virginia Fonseca e Z\u00e9 Felipe, vai comemorar o seu anivers\u00e1rio de um ano com uma festa luxuosa em Goi\u00e2nia<\/p>\n<p><a href=\"https:\/\/caras.com.br\/tags\/virginia-fonseca_1\" rel=\"noopener nofollow\" target=\"_blank\"><strong>Virginia Fonseca<\/strong><\/a> usou as redes sociais para mostrar os detalhes da decora\u00e7\u00e3o da festa de anivers\u00e1rio de sue filho ca\u00e7ula,\u00a0<strong>Jos\u00e9 Leonardo<\/strong>. O menino, fruto de seu relacionamento com o cantor <a href=\"https:\/\/caras.com.br\/tags\/ze-felipe\" rel=\"noopener nofollow\" target=\"_blank\"><strong>Z\u00e9 Felipe<\/strong><\/a>, completou um ano de vida nesta segunda-feira, 8, e vai comemorar a data especial com uma festa luxuosa nesta ter\u00e7a-feira, 9.\u00a0<\/p>\n<p>A celebra\u00e7\u00e3o do pequeno vai acontecer em Goi\u00e2nia e ter\u00e1 como tema &#8216;A Fazenda de Jos\u00e9 Leonardo&#8217;, inspirado no universo country. Nos Stories, a influenciadora digital repostou um v\u00eddeo feito pela decoradora\u00a0<strong>Tana Lobo<\/strong> sobre a prepara\u00e7\u00e3o do local em que o evento vai acontecer.\u00a0&#8220;Voc\u00eas n\u00e3o est\u00e3o preparados para essa fazenda. \u00c9 uma fazenda muito elegante, muito l\u00fadica. Afinal de contas, \u00e9 uma festa de um ano, tudo a ver com a hist\u00f3ria do Jos\u00e9 Leonardo&#8221;, disse a profissional.\u00a0<\/p>\n<p>A <a href=\"https:\/\/caras.com.br\/festas\/saiba-como-sera-festa-de-aniversario-de-1-ano-do-filho-de-virginia-e-ze-felipe.phtml\" rel=\"noopener nofollow\" target=\"_blank\">festa de um ano de Jos\u00e9 Leonardo promete ser grandiosa<\/a>. Segundo as informa\u00e7\u00f5es do portal LeoDias, o convite do evento foi feito em tons de azul e com cavalos, seguindo a refer\u00eancia country. Al\u00e9m disso, a celebra\u00e7\u00e3o, que promete ser animada e sem ter hora para acabar, ter\u00e1 atra\u00e7\u00f5es como <strong>Mari Fernandez<\/strong>, <strong>DJ John <\/strong>e outros grandes nomes da m\u00fasica sertaneja como <strong>Thiago Brava<\/strong> e <strong>Israel Novaes<\/strong>.<\/p>\n<p><strong>Confira:\u00a0<\/strong><\/p>\n<p><img decoding=\"async\" alt=\"Instagram\" height=\"500\" loading=\"lazy\" src=\"https:\/\/www.europesays.com\/pt\/wp-content\/uploads\/2025\/09\/virginia-fonseca-detalhes-da-festa-jose-leonardo.jpg\" width=\"700\"\/><strong>Detalhes da festa de Jos\u00e9 Leonardo &#8211; Foto: Instagram<\/strong><img decoding=\"async\" alt=\"Instagram\" height=\"500\" loading=\"lazy\" src=\"https:\/\/www.europesays.com\/pt\/wp-content\/uploads\/2025\/09\/virginia-fonseca-detalhes-da-festa-jose-leonardo1.jpg\" width=\"700\"\/>Detalhes da festa de Jos\u00e9 Leonardo &#8211; Foto: InstagramJos\u00e9 Leonardo \u00e9 homenageado pelos pais e av\u00f3 em seu anivers\u00e1rio\u00a0<\/p>\n<p>A influenciadora digital Poliana Rocha usou as redes sociais para <a href=\"https:\/\/caras.com.br\/datas-especiais\/poliana-rocha-se-derrete-no-aniversario-de-jose-leonardo-netinho-mais-perfeito.phtml\" rel=\"noopener nofollow\" target=\"_blank\">prestar uma homenagem especial para seu neto ca\u00e7ula, Jos\u00e9 Leonardo<\/a>. Em seu perfil oficial, a mulher do cantor Leonardo compartilhou um v\u00eddeo em que aparece brincando com o pequeno e na legenda, escreveu uma bela declara\u00e7\u00e3o.<\/p>\n<p>&#8220;Hoje celebramos o maior presente que Deus nos deu: VOC\u00ca (JL) nosso netinho mais perfeito do mundo!!! H\u00e1 1 ano sua chegada encheu nossas vidas de luz, de amor e de alegria. Ver seu sorriso, seus passinhos e cada conquista \u00e9 a maior felicidade para n\u00f3s. Que sua vida seja sempre aben\u00e7oada, repleta de sa\u00fade, descobertas e muito amor. N\u00f3s te amamos infinitamente!&#8221;, declarou Poliana.<\/p>\n<p><a href=\"https:\/\/caras.com.br\/datas-especiais\/no-aniversario-de-jose-leonardo-virginia-se-declara-e-poliana-rocha-comenta.phtml\" rel=\"noopener nofollow\" target=\"_blank\">Virginia relembrou a descoberta da gesta\u00e7\u00e3o<\/a> ao celebrar o anivers\u00e1rio do herdeiro.\u00a0&#8220;Hoje \u00e9 dia do nosso principezinho, Jos\u00e9 Leonardo! 1 ano que meu mundo passou de rosa absoluto, pra azul tamb\u00e9m kkk. Lembro como se fosse ontem o dia que a fuma\u00e7a azul saiu e eu s\u00f3 sabia chorar, pois n\u00e3o imaginava nunca que seria t\u00e3o aben\u00e7oada em ter um menininho tamb\u00e9m e veio voc\u00ea Jos\u00e9 com esse carisma, com essa felicidade, com essa beleza surreal, Deus \u00e9 sempre bom e eu sou s\u00f3 gratid\u00e3o por ter voc\u00ea e suas irm\u00e3s!&#8221;.<\/p>\n<p>&#8220;Que Deus aben\u00e7oe sua vida sempre meu amor, lhe d\u00ea muita sa\u00fade, paz, amor, sabedoria, felicidade, humildade, sucesso, enfim, as melhores coisas do mundo \u00e9 o que eu pe\u00e7o pra voc\u00ea todos os dias em minhas ora\u00e7\u00f5es! Sua fam\u00edlia te ama mais que tudo e estaremos com voc\u00ea SEMPRE e que venham muito mais anos pra gente comemorar sua vida com muita felicidade e amor&#8221;, escreveu.<\/p>\n<p>J\u00e1 Z\u00e9 Felipe postou <a href=\"https:\/\/caras.com.br\/datas-especiais\/ze-felipe-celebra-1-ano-do-filho-cacula-e-detalhe-chama-atencao-veja.phtml\" rel=\"noopener nofollow\" target=\"_blank\">fotos ao lado de Jos\u00e9 Leonardo e se declarou<\/a>: &#8220;Meu Godo hoje completa 1 aninho de vida.\u00a0 Seu sorriso, sua do\u00e7ura me encanta. Meu filho, que Jesus te aben\u00e7oe cada dia mais, te projeta e te guarde. Papai te ama demais, e juntos vamos caminhar por toda vida. Meu companheirinho mais lindo desse mundo. Viva o Jos\u00e9 Leonardo&#8221;, disse ele.\u00a0<\/p>\n<p><strong>Leia tamb\u00e9m:<\/strong><a href=\"https:\/\/caras.com.br\/festas\/ze-felipe-faz-festa-para-jose-leonardo-sem-virginia-fonseca.phtml\" rel=\"noopener nofollow\" target=\"_blank\">Z\u00e9 Felipe faz festa para Jos\u00e9 Leonardo sem Virginia Fonseca<\/a><\/p>\n","protected":false},"excerpt":{"rendered":"Jos\u00e9 Leonardo, filho ca\u00e7ula de Virginia Fonseca e Z\u00e9 Felipe, vai comemorar o seu anivers\u00e1rio de um ano&hellip;\n","protected":false},"author":2,"featured_media":63963,"comment_status":"","ping_status":"","sticky":false,"template":"","format":"standard","meta":{"footnotes":""},"categories":[145],"tags":[996,211,210,114,115,6831,17694,32,33,1446],"class_list":{"0":"post-63962","1":"post","2":"type-post","3":"status-publish","4":"format-standard","5":"has-post-thumbnail","7":"category-celebridades","8":"tag-aniversario","9":"tag-celebridades","10":"tag-celebrities","11":"tag-entertainment","12":"tag-entretenimento","13":"tag-festa","14":"tag-filho-cacula","15":"tag-portugal","16":"tag-pt","17":"tag-virginia-fonseca"},"share_on_mastodon":{"url":"","error":""},"_links":{"self":[{"href":"https:\/\/www.europesays.com\/pt\/wp-json\/wp\/v2\/posts\/63962","targetHints":{"allow":["GET"]}}],"collection":[{"href":"https:\/\/www.europesays.com\/pt\/wp-json\/wp\/v2\/posts"}],"about":[{"href":"https:\/\/www.europesays.com\/pt\/wp-json\/wp\/v2\/types\/post"}],"author":[{"embeddable":true,"href":"https:\/\/www.europesays.com\/pt\/wp-json\/wp\/v2\/users\/2"}],"replies":[{"embeddable":true,"href":"https:\/\/www.europesays.com\/pt\/wp-json\/wp\/v2\/comments?post=63962"}],"version-history":[{"count":0,"href":"https:\/\/www.europesays.com\/pt\/wp-json\/wp\/v2\/posts\/63962\/revisions"}],"wp:featuredmedia":[{"embeddable":true,"href":"https:\/\/www.europesays.com\/pt\/wp-json\/wp\/v2\/media\/63963"}],"wp:attachment":[{"href":"https:\/\/www.europesays.com\/pt\/wp-json\/wp\/v2\/media?parent=63962"}],"wp:term":[{"taxonomy":"category","embeddable":true,"href":"https:\/\/www.europesays.com\/pt\/wp-json\/wp\/v2\/categories?post=63962"},{"taxonomy":"post_tag","embeddable":true,"href":"https:\/\/www.europesays.com\/pt\/wp-json\/wp\/v2\/tags?post=63962"}],"curies":[{"name":"wp","href":"https:\/\/api.w.org\/{rel}","templated":true}]}}