{"id":63968,"date":"2025-09-09T07:08:11","date_gmt":"2025-09-09T07:08:11","guid":{"rendered":"https:\/\/www.europesays.com\/pt\/63968\/"},"modified":"2025-09-09T07:08:11","modified_gmt":"2025-09-09T07:08:11","slug":"isis-valverde-marcus-buaiz-nizan-guanaes-e-donata-meirelles-marcam-presenca-no-favela-gala-2025-em-sao-paulo-veja-fotos","status":"publish","type":"post","link":"https:\/\/www.europesays.com\/pt\/63968\/","title":{"rendered":"Isis Valverde, Marcus Buaiz, Nizan Guanaes e Donata Meirelles marcam presen\u00e7a no Favela Gala 2025 em S\u00e3o Paulo; veja fotos"},"content":{"rendered":"<p>A noite desta segunda-feira (8) re\u00fane nomes de destaque no Favela Gala 2025, evento beneficente promovido pela organiza\u00e7\u00e3o Gerando Falc\u00f5es no hotel Rosewood, em S\u00e3o Paulo.<\/p>\n<p>Entre os convidados que j\u00e1 chegaram est\u00e3o a atriz Isis Valverde com o empres\u00e1rio Marcus Buaiz, o publicit\u00e1rio baiano Nizan Guanaes e a esposa dele, a diretora-geral da ForbesLife Fashion, Donata Meirelles.<\/p>\n<p>Isis apostou em um vestido preto de paet\u00eas, aberto nas costas, que chamou aten\u00e7\u00e3o no tapete do evento. Na chegada do evento, ela posou ao lado do esposo e ganhou at\u00e9 beijo. Buaiz, vale lembrar, estar\u00e1 em Salvador no dia 19 de setembro para mais uma edi\u00e7\u00e3o do tradicional almo\u00e7o empresarial promovido pelo Al\u00f4 Al\u00f4 Bahia.<\/p>\n<p><img fetchpriority=\"high\" decoding=\"async\" aria-describedby=\"caption-attachment-192802\" class=\"size-medium wp-image-192802\" src=\"https:\/\/www.europesays.com\/pt\/wp-content\/uploads\/2025\/09\/IMG_1068-481x720.jpeg\" alt=\"\" width=\"481\" height=\"720\"  \/><\/p>\n<p id=\"caption-attachment-192802\" class=\"wp-caption-text\">Foto: Andy Santana\/Brazil News<\/p>\n<p>J\u00e1 Nizan e Donata chegaram juntos para o jantar solid\u00e1rio, que busca arrecadar fundos para ampliar os projetos sociais desenvolvidos pela Gerando Falc\u00f5es em parceria com uma rede de ONGs que atuam em favelas.<\/p>\n<p><img loading=\"lazy\" decoding=\"async\" aria-describedby=\"caption-attachment-192803\" class=\"size-medium wp-image-192803\" src=\"https:\/\/www.europesays.com\/pt\/wp-content\/uploads\/2025\/09\/IMG_1064-481x720.jpeg\" alt=\"\" width=\"481\" height=\"720\"  \/><\/p>\n<p id=\"caption-attachment-192803\" class=\"wp-caption-text\">Foto: Andy Santana\/Brazil News<\/p>\n<p>A programa\u00e7\u00e3o inclui ainda um leil\u00e3o beneficente, com a possibilidade de participa\u00e7\u00e3o tamb\u00e9m no formato virtual. A renda ser\u00e1 destinada \u00e0s iniciativas da organiza\u00e7\u00e3o, que trabalha para gerar oportunidades e reduzir desigualdades nas comunidades. Para animar a noite, Thiaguinho sobe ao palco com um pocket show que promete trazer a energia do fen\u00f4meno Tardezinha.<\/p>\n","protected":false},"excerpt":{"rendered":"A noite desta segunda-feira (8) re\u00fane nomes de destaque no Favela Gala 2025, evento beneficente promovido pela organiza\u00e7\u00e3o&hellip;\n","protected":false},"author":2,"featured_media":63969,"comment_status":"","ping_status":"","sticky":false,"template":"","format":"standard","meta":{"footnotes":""},"categories":[145],"tags":[211,210,114,115,32,33],"class_list":{"0":"post-63968","1":"post","2":"type-post","3":"status-publish","4":"format-standard","5":"has-post-thumbnail","7":"category-celebridades","8":"tag-celebridades","9":"tag-celebrities","10":"tag-entertainment","11":"tag-entretenimento","12":"tag-portugal","13":"tag-pt"},"share_on_mastodon":{"url":"","error":""},"_links":{"self":[{"href":"https:\/\/www.europesays.com\/pt\/wp-json\/wp\/v2\/posts\/63968","targetHints":{"allow":["GET"]}}],"collection":[{"href":"https:\/\/www.europesays.com\/pt\/wp-json\/wp\/v2\/posts"}],"about":[{"href":"https:\/\/www.europesays.com\/pt\/wp-json\/wp\/v2\/types\/post"}],"author":[{"embeddable":true,"href":"https:\/\/www.europesays.com\/pt\/wp-json\/wp\/v2\/users\/2"}],"replies":[{"embeddable":true,"href":"https:\/\/www.europesays.com\/pt\/wp-json\/wp\/v2\/comments?post=63968"}],"version-history":[{"count":0,"href":"https:\/\/www.europesays.com\/pt\/wp-json\/wp\/v2\/posts\/63968\/revisions"}],"wp:featuredmedia":[{"embeddable":true,"href":"https:\/\/www.europesays.com\/pt\/wp-json\/wp\/v2\/media\/63969"}],"wp:attachment":[{"href":"https:\/\/www.europesays.com\/pt\/wp-json\/wp\/v2\/media?parent=63968"}],"wp:term":[{"taxonomy":"category","embeddable":true,"href":"https:\/\/www.europesays.com\/pt\/wp-json\/wp\/v2\/categories?post=63968"},{"taxonomy":"post_tag","embeddable":true,"href":"https:\/\/www.europesays.com\/pt\/wp-json\/wp\/v2\/tags?post=63968"}],"curies":[{"name":"wp","href":"https:\/\/api.w.org\/{rel}","templated":true}]}}