{"id":63970,"date":"2025-09-09T07:10:12","date_gmt":"2025-09-09T07:10:12","guid":{"rendered":"https:\/\/www.europesays.com\/pt\/63970\/"},"modified":"2025-09-09T07:10:12","modified_gmt":"2025-09-09T07:10:12","slug":"3-motivos-para-mergulhar-em-o-perigo-de-estar-lucida-livro-que-odete-roitman-leu-em-vale-tudo","status":"publish","type":"post","link":"https:\/\/www.europesays.com\/pt\/63970\/","title":{"rendered":"3 motivos para mergulhar em \u2018O Perigo de Estar L\u00facida\u2019, livro que Odete Roitman leu em Vale Tudo"},"content":{"rendered":"<p>Voc\u00ea j\u00e1 deve ter ouvido por a\u00ed a frase \u201cde louco todo mundo tem um pouco\u201d. A escritora espanhola <strong>Rosa Monteiro<\/strong> n\u00e3o poderia concordar mais \u2013 exceto que, para ela, os artistas recebem uma dose a mais dessa chamada loucura. Este \u00e9 um dos pontos de partida do seu romance \u201cO Perigo de Estar L\u00facida\u201d que, nas \u00faltimas horas, tornou-se o n\u00famero 1 de vendas da Amazon na categoria Literatura Europeia. O motivo para tamanho sucesso \u00e9 uma leitora c\u00e9lebre: ningu\u00e9m menos que a vil\u00e3 <strong>Odete Roitman<\/strong> apreciou a obra no \u00faltimo cap\u00edtulo de <a href=\"https:\/\/guiadoestudante.abril.com.br\/atualidades\/ela-nem-e-tao-preta-assim-o-que-e-colorismo-escancarado-em-cena-de-vale-tudo\/\" target=\"_blank\" rel=\"noopener nofollow\"><strong>Vale Tudo<\/strong><\/a>.<\/p>\n<p>Abaixo, listamos 3 motivos para se aventurar nessa leitura que mistura g\u00eaneros para discutir os caminhos m\u00e1gicos e perigosos que a loucura pode levar.<\/p>\n<p>1. O livro mostra que, de perto, ningu\u00e9m \u00e9 normal<\/p>\n<p>J\u00e1 se sentiu um pouco diferente ou deslocado em algum momento da vida? Anormal? Este livro de Rosa Monteiro mostra que voc\u00ea, certamente, n\u00e3o est\u00e1 sozinho nessa. Em participa\u00e7\u00e3o no programa Roda Viva, a autora explicou que \u201cvendem para n\u00f3s a ideia de que a normalidade \u00e9 sin\u00f4nimo do mais habitual, do mais comum, mas isso \u00e9 mentira. Na verdade, a normalidade \u00e9 uma constru\u00e7\u00e3o cultural, uma constru\u00e7\u00e3o social, e vem de \u201cnorma\u201d, de \u201cnormativa.\u201d<\/p>\n<p><a href=\"https:\/\/veja.abril.com.br\/cultura\/como-rosa-montero-transformou-crises-de-panico-em-otima-literatura\/\" target=\"_blank\" rel=\"noopener nofollow\">+ Como autora espanhola transformou crises de p\u00e2nico em \u00f3tima literatura<\/a><\/p>\n<p>2. Boa pedida para quem gosta de entender psicologia e a mente humana<\/p>\n<p>Na obra, que mistura v\u00e1rios g\u00eaneros liter\u00e1rios, Rosa conta a pr\u00f3pria experi\u00eancia com crises do p\u00e2nico, e resgata a hist\u00f3ria de grandes g\u00eanios da arte como Virginia Woolf e Jack Kerouac, que tamb\u00e9m tiveram que lidar com o sofrimento ps\u00edquico. A autora recorre ainda a pesquisas cient\u00edficas e livros de neuroci\u00eancia para construir uma rela\u00e7\u00e3o entre loucura e criatividade.<\/p>\n<p>    Continua ap\u00f3s a publicidade<\/p>\n<p><a href=\"https:\/\/guiadoestudante.abril.com.br\/estudo\/um-guia-para-o-novo-momento-da-literatura-nos-vestibulares\/\" target=\"_blank\" rel=\"noopener nofollow\">+ Um guia para o novo momento da literatura nos vestibulares<\/a><\/p>\n<p>3. Re\u00fane refer\u00eancias para suas pr\u00f3ximas leituras<\/p>\n<p>\u00c9 bom ler \u201cO Perigo de Estar L\u00facida\u201d com um caderninho de anota\u00e7\u00f5es do lado: voc\u00ea n\u00e3o vai querer perder as indica\u00e7\u00f5es liter\u00e1rias de Rosa Montero! Ao longo do romance, a autora retoma outros grandes nomes da Literatura como Vladimir Nabokov, Joan Didion, Sylvia Plath e Jack Kerouac \u2013 que tamb\u00e9m habitaram esse territ\u00f3rio da loucura criativa e escreveram obras memor\u00e1veis.<\/p>\n<p>              O Perigo de Estar L\u00facida<br \/>\n              <img loading=\"lazy\" decoding=\"async\" width=\"988\" height=\"1500\" src=\"https:\/\/www.europesays.com\/pt\/wp-content\/uploads\/2025\/09\/o-perigo-de-estar-lucida.jpg\" class=\"attachment-size-large size-size-large\" alt=\"o perigo de estar l\u00facida\" title=\"o perigo de estar l\u00facida\"\/><\/p>\n<p>    Continua ap\u00f3s a publicidade<\/p>\n<p><strong><a href=\"https:\/\/whatsapp.com\/channel\/0029Va4rha5DDmFWOGy7pO1p\" rel=\"nofollow noopener\" target=\"_blank\">Entre no canal do GUIA no WhatsApp e receba conte\u00fados de estudo, reda\u00e7\u00e3o e atualidades no seu celular!<\/a><\/strong><\/p>\n<p>Compartilhe essa mat\u00e9ria via:<\/p>\n<p>\u00a0<strong>Prepare-se para o <a href=\"https:\/\/guiadoestudante.abril.com.br\/enem\/\" rel=\"nofollow noopener\" target=\"_blank\">Enem<\/a> sem sair de casa. Assine o\u00a0<a href=\"https:\/\/guiadoestudante.abril.com.br\/curso-enem-play\/\" target=\"_blank\" rel=\"noopener nofollow\" data-saferedirecturl=\"https:\/\/www.google.com\/url?q=https:\/\/guiadoestudante.abril.com.br\/curso-enem-play\/&amp;source=gmail&amp;ust=1677599381446000&amp;usg=AOvVaw1UZZhS1tluJehQ_o7GKVie\">Curso GUIA DO ESTUDANTE ENEM <\/a>e tenha acesso a todas as provas do Enem para fazer online e mais de 180 videoaulas com professores do Poliedro, recordista de aprova\u00e7\u00e3o nas universidades mais concorridas do pa\u00eds.<\/strong> <\/p>\n","protected":false},"excerpt":{"rendered":"Voc\u00ea j\u00e1 deve ter ouvido por a\u00ed a frase \u201cde louco todo mundo tem um pouco\u201d. A escritora&hellip;\n","protected":false},"author":2,"featured_media":63971,"comment_status":"","ping_status":"","sticky":false,"template":"","format":"standard","meta":{"footnotes":""},"categories":[143],"tags":[169,114,115,170,32,33],"class_list":{"0":"post-63970","1":"post","2":"type-post","3":"status-publish","4":"format-standard","5":"has-post-thumbnail","7":"category-livros","8":"tag-books","9":"tag-entertainment","10":"tag-entretenimento","11":"tag-livros","12":"tag-portugal","13":"tag-pt"},"share_on_mastodon":{"url":"","error":""},"_links":{"self":[{"href":"https:\/\/www.europesays.com\/pt\/wp-json\/wp\/v2\/posts\/63970","targetHints":{"allow":["GET"]}}],"collection":[{"href":"https:\/\/www.europesays.com\/pt\/wp-json\/wp\/v2\/posts"}],"about":[{"href":"https:\/\/www.europesays.com\/pt\/wp-json\/wp\/v2\/types\/post"}],"author":[{"embeddable":true,"href":"https:\/\/www.europesays.com\/pt\/wp-json\/wp\/v2\/users\/2"}],"replies":[{"embeddable":true,"href":"https:\/\/www.europesays.com\/pt\/wp-json\/wp\/v2\/comments?post=63970"}],"version-history":[{"count":0,"href":"https:\/\/www.europesays.com\/pt\/wp-json\/wp\/v2\/posts\/63970\/revisions"}],"wp:featuredmedia":[{"embeddable":true,"href":"https:\/\/www.europesays.com\/pt\/wp-json\/wp\/v2\/media\/63971"}],"wp:attachment":[{"href":"https:\/\/www.europesays.com\/pt\/wp-json\/wp\/v2\/media?parent=63970"}],"wp:term":[{"taxonomy":"category","embeddable":true,"href":"https:\/\/www.europesays.com\/pt\/wp-json\/wp\/v2\/categories?post=63970"},{"taxonomy":"post_tag","embeddable":true,"href":"https:\/\/www.europesays.com\/pt\/wp-json\/wp\/v2\/tags?post=63970"}],"curies":[{"name":"wp","href":"https:\/\/api.w.org\/{rel}","templated":true}]}}