{"id":63978,"date":"2025-09-09T07:24:07","date_gmt":"2025-09-09T07:24:07","guid":{"rendered":"https:\/\/www.europesays.com\/pt\/63978\/"},"modified":"2025-09-09T07:24:07","modified_gmt":"2025-09-09T07:24:07","slug":"livro-propoe-novo-olhar-estrategico-para-a-vida-profissional","status":"publish","type":"post","link":"https:\/\/www.europesays.com\/pt\/63978\/","title":{"rendered":"livro prop\u00f5e novo olhar estrat\u00e9gico para a vida profissional"},"content":{"rendered":"<p class=\"YkmxR FKZMr pqcPG MaBN2\" dir=\"auto\" id=\"viewer-foo\">Mirella Franco Melo compartilha mais de 20 anos de experi\u00eancia e auxilia profissionais a enxergarem seu verdadeiro potencial e transformarem a jornada em um ativo de valor<\/p>\n<p><img decoding=\"async\" src=\"https:\/\/www.europesays.com\/pt\/wp-content\/uploads\/2025\/09\/ee5d2f_b019d76326a748998f86ea91361076a8~mv2.jpg\" alt=\"Cr\u00e9dito: Divulga\u00e7\u00e3o\/Editora Gente\" style=\"width:100%;height:100%;object-fit:cover;object-position:50% 50%;max-width:100%\" data-pin-url=\"https:\/\/www.lagoanerd.com.br\/post\/carreira-com-valuation-livro-propoe-novo-olhar-estrategico-para-a-vida-profissional\" data-pin-media=\"https:\/\/static.wixstatic.com\/media\/ee5d2f_b019d76326a748998f86ea91361076a8~mv2.jpg\/v1\/fill\/w_667,h_972,al_c,q_85\/ee5d2f_b019d76326a748998f86ea91361076a8~mv2.jpg\" draggable=\"false\"\/><\/p>\n<p>Cr\u00e9dito: Divulga\u00e7\u00e3o\/Editora Gente<\/p>\n<p class=\"YkmxR FKZMr _0uV8u MaBN2\" dir=\"auto\" id=\"viewer-vv0ur540\">Uma pesquisa realizada pela plataforma Infojobs em 2024 revela um dado que requer aten\u00e7\u00e3o no mercado de trabalho: 90% dos profissionais brasileiros consideraram trocar de emprego por motivos ligados \u00e0 insatisfa\u00e7\u00e3o ou falta de felicidade no trabalho. \u00c9 nesse cen\u00e1rio que a empres\u00e1ria e palestrante Mirella Franco Melo lan\u00e7a o livro \u201cCarreira com Valuation &#8211; A arte de negociar o seu valor profissional\u201d, publicado pela Editora Gente e com pr\u00e9-lan\u00e7amento em 10 de agosto.\u00a0<\/p>\n<p class=\"YkmxR FKZMr _0uV8u MaBN2\" dir=\"auto\" id=\"viewer-6dims543\">A obra re\u00fane experi\u00eancias vividas ao longo de mais de duas d\u00e9cadas no setor farmac\u00eautico e na condu\u00e7\u00e3o de projetos de alto impacto, apresentando um m\u00e9todo in\u00e9dito para a constru\u00e7\u00e3o de carreira, baseado na mesma metodologia usada por especialistas do mercado financeiro (M&amp;A) para avaliar e maximizar o valor de companhias, agora adaptada para que cada profissional possa tratar a pr\u00f3pria trajet\u00f3ria como um ativo estrat\u00e9gico. A proposta \u00e9 clara: ajudar profissionais a ampliarem sua vis\u00e3o, fortalecerem seu valor pessoal e conquistarem mais autonomia ao longo da jornada profissional.\u00a0<\/p>\n<blockquote class=\"BpJjy\">\n<p>\u201cMinha inten\u00e7\u00e3o \u00e9 inspirar profissionais a se enxergarem para al\u00e9m dos cargos que ocupam e das empresas onde atuam. Muitas vezes nos limitamos a pensar na carreira apenas como uma sequ\u00eancia de posi\u00e7\u00f5es ou fun\u00e7\u00f5es, esquecendo que ela \u00e9 uma constru\u00e7\u00e3o muito maior, que envolve prop\u00f3sito, impacto e crescimento pessoal\u201d, comenta Mirella Franco, autora do livro.\u00a0<\/p>\n<\/blockquote>\n<blockquote class=\"BpJjy\">\n<p>\u201cE esse valor n\u00e3o vem apenas da experi\u00eancia que acumula, mas da forma como voc\u00ea se posiciona, se reinventa e se torna indispens\u00e1vel e reconhecido pelo impacto que gera. Sua jornada n\u00e3o \u00e9 apenas um caminho percorrido, mas um patrim\u00f4nio valioso\u201d, acrescenta.\u00a0<\/p>\n<\/blockquote>\n<p class=\"YkmxR FKZMr _0uV8u MaBN2\" dir=\"auto\" id=\"viewer-lpu3x552\">Com linguagem acess\u00edvel, o livro combina elementos de autobiografia, lideran\u00e7a e planejamento estrat\u00e9gico, propondo um caminho pr\u00e1tico para quem deseja assumir o controle da pr\u00f3pria trajet\u00f3ria com clareza, ousadia e consist\u00eancia. O m\u00e9todo apresentado por Mirella \u00e9 o \u201cPlano de Voo\u201d, estruturado em tr\u00eas pilares: Vis\u00e3o Estrat\u00e9gica, Ousadia Calculada e Opera\u00e7\u00e3o Consistente. Juntos, esses pilares funcionam como um guia para profissionais que buscam direcionamento e protagonismo em um mercado cada vez mais din\u00e2mico e competitivo.\u00a0<\/p>\n<p class=\"YkmxR FKZMr _0uV8u MaBN2\" dir=\"auto\" id=\"viewer-i074e555\">\u201cAcredito que \u00e9 poss\u00edvel construir uma trajet\u00f3ria profissional que n\u00e3o apenas traga sucesso, mas que tamb\u00e9m gere liberdade para tomar decis\u00f5es alinhadas aos pr\u00f3prios valores e, acima de tudo, uma valoriza\u00e7\u00e3o real, que vai al\u00e9m do sal\u00e1rio ou do t\u00edtulo no cart\u00e3o de visitas\u201d, ressalta a escritora.\u00a0<\/p>\n<p class=\"YkmxR FKZMr _0uV8u MaBN2\" dir=\"auto\" id=\"viewer-7bveo558\">Al\u00e9m de compartilhar sua pr\u00f3pria transforma\u00e7\u00e3o, da lideran\u00e7a corporativa \u00e0 independ\u00eancia financeira e \u00e0 atua\u00e7\u00e3o como conselheira empresarial, Mirella discute temas sens\u00edveis como a desconex\u00e3o entre identidade e crach\u00e1, a sobrecarga emocional no ambiente corporativo e os impactos da falta de planejamento na vida profissional. Para a autora, \u201cencarar a carreira como um ativo de valor \u00e9 tamb\u00e9m uma forma de conquistar liberdade: de decis\u00e3o, de tempo e de prop\u00f3sito\u201d.\u00a0<\/p>\n<p class=\"YkmxR FKZMr _0uV8u MaBN2\" dir=\"auto\" id=\"viewer-xb03o561\"><strong style=\"font-weight:700\">Apoio ao Instituto Rede Mulher Empreendedora<\/strong>\u00a0<\/p>\n<p class=\"YkmxR FKZMr _0uV8u MaBN2\" dir=\"auto\" id=\"viewer-mwk32564\">Como forma de retribuir e incentivar outras mulheres em sua jornada profissional, Mirella decidiu doar 100% dos direitos autorais da obra para o Instituto Rede Mulher Empreendedora, organiza\u00e7\u00e3o voltada para o fortalecimento do empreendedorismo feminino no Brasil. A iniciativa atua h\u00e1 mais de uma d\u00e9cada oferecendo capacita\u00e7\u00e3o, mentorias, acesso a cr\u00e9dito e redes de apoio a milhares de mulheres que desejam empreender com autonomia e sustentabilidade.\u00a0<\/p>\n<p class=\"YkmxR FKZMr _0uV8u MaBN2\" dir=\"auto\" id=\"viewer-nv5sp567\">\u201cAcredito que o conhecimento e a valoriza\u00e7\u00e3o profissional devem caminhar junto com a\u00e7\u00f5es concretas de transforma\u00e7\u00e3o. Ao apoiar a Rede Mulher Empreendedora, quero contribuir para que mais mulheres possam enxergar e negociar o pr\u00f3prio valor, construindo trajet\u00f3rias s\u00f3lidas e independentes\u201d, finaliza Mirella.\u00a0<\/p>\n<p class=\"YkmxR FKZMr _0uV8u MaBN2\" dir=\"auto\" id=\"viewer-wrat6573\">Natural de Recife (PE), Mirella Franco Melo \u00e9 graduada em farm\u00e1cia industrial e construiu carreira s\u00f3lida na ind\u00fastria farmac\u00eautica, onde liderou \u00e1reas de qualidade, compliance e transforma\u00e7\u00e3o organizacional. Como empres\u00e1ria, liderou com sucesso a expans\u00e3o de seu pr\u00f3prio neg\u00f3cio e hoje atua como conselheira empresarial, apoiando organiza\u00e7\u00f5es a alinharem estrat\u00e9gia, inova\u00e7\u00e3o e sustentabilidade. Mirella tamb\u00e9m \u00e9 palestrante e refer\u00eancia em temas como lideran\u00e7a, prop\u00f3sito e protagonismo feminino.<\/p>\n<p class=\"YkmxR FKZMr pqcPG MaBN2\" dir=\"auto\" id=\"viewer-b25nf577\"><strong style=\"font-weight:700\">T\u00edtulo:<\/strong> Carreira com Valuation<\/p>\n<p class=\"YkmxR FKZMr pqcPG MaBN2\" dir=\"auto\" id=\"viewer-0fvuf580\"><strong style=\"font-weight:700\">Subt\u00edtulo:<\/strong> A arte de negociar o seu valor profissional<\/p>\n<p class=\"YkmxR FKZMr pqcPG MaBN2\" dir=\"auto\" id=\"viewer-3i0x1583\"><strong style=\"font-weight:700\">Autor:<\/strong> Mirella Franco Melo<\/p>\n<p class=\"YkmxR FKZMr pqcPG MaBN2\" dir=\"auto\" id=\"viewer-xwjb9594\"><strong style=\"font-weight:700\">ISBN e-book: <\/strong>978-65-6107-070-6<\/p>\n<p class=\"YkmxR FKZMr pqcPG MaBN2\" dir=\"auto\" id=\"viewer-nx0d0606\"><strong style=\"font-weight:700\">Pr\u00e9-lan\u00e7amento:<\/strong> 10 de agosto de 2025<\/p>\n<p class=\"YkmxR FKZMr pqcPG MaBN2\" dir=\"auto\" id=\"viewer-g3sbw609\"><strong style=\"font-weight:700\">Lan\u00e7amento:<\/strong> 10 de setembro de 2025<\/p>\n<p class=\"YkmxR FKZMr pqcPG MaBN2\" dir=\"auto\" id=\"viewer-pzg6x615\"><strong style=\"font-weight:700\">G\u00eanero:<\/strong> Desenvolvimento profissional\/Carreira<\/p>\n","protected":false},"excerpt":{"rendered":"Mirella Franco Melo compartilha mais de 20 anos de experi\u00eancia e auxilia profissionais a enxergarem seu verdadeiro potencial&hellip;\n","protected":false},"author":2,"featured_media":63979,"comment_status":"","ping_status":"","sticky":false,"template":"","format":"standard","meta":{"footnotes":""},"categories":[143],"tags":[169,114,115,170,32,33],"class_list":{"0":"post-63978","1":"post","2":"type-post","3":"status-publish","4":"format-standard","5":"has-post-thumbnail","7":"category-livros","8":"tag-books","9":"tag-entertainment","10":"tag-entretenimento","11":"tag-livros","12":"tag-portugal","13":"tag-pt"},"share_on_mastodon":{"url":"","error":""},"_links":{"self":[{"href":"https:\/\/www.europesays.com\/pt\/wp-json\/wp\/v2\/posts\/63978","targetHints":{"allow":["GET"]}}],"collection":[{"href":"https:\/\/www.europesays.com\/pt\/wp-json\/wp\/v2\/posts"}],"about":[{"href":"https:\/\/www.europesays.com\/pt\/wp-json\/wp\/v2\/types\/post"}],"author":[{"embeddable":true,"href":"https:\/\/www.europesays.com\/pt\/wp-json\/wp\/v2\/users\/2"}],"replies":[{"embeddable":true,"href":"https:\/\/www.europesays.com\/pt\/wp-json\/wp\/v2\/comments?post=63978"}],"version-history":[{"count":0,"href":"https:\/\/www.europesays.com\/pt\/wp-json\/wp\/v2\/posts\/63978\/revisions"}],"wp:featuredmedia":[{"embeddable":true,"href":"https:\/\/www.europesays.com\/pt\/wp-json\/wp\/v2\/media\/63979"}],"wp:attachment":[{"href":"https:\/\/www.europesays.com\/pt\/wp-json\/wp\/v2\/media?parent=63978"}],"wp:term":[{"taxonomy":"category","embeddable":true,"href":"https:\/\/www.europesays.com\/pt\/wp-json\/wp\/v2\/categories?post=63978"},{"taxonomy":"post_tag","embeddable":true,"href":"https:\/\/www.europesays.com\/pt\/wp-json\/wp\/v2\/tags?post=63978"}],"curies":[{"name":"wp","href":"https:\/\/api.w.org\/{rel}","templated":true}]}}