{"id":63980,"date":"2025-09-09T07:28:03","date_gmt":"2025-09-09T07:28:03","guid":{"rendered":"https:\/\/www.europesays.com\/pt\/63980\/"},"modified":"2025-09-09T07:28:03","modified_gmt":"2025-09-09T07:28:03","slug":"oficial-nuno-espirito-santo-deixa-o-comando-do-nottingham-forest","status":"publish","type":"post","link":"https:\/\/www.europesays.com\/pt\/63980\/","title":{"rendered":"OFICIAL: Nuno Esp\u00edrito Santo deixa o comando do Nottingham Forest"},"content":{"rendered":"<p>O Nottingham Forest comunicou na madrugada desta ter\u00e7a-feira que Nuno Espirito Santo j\u00e1 n\u00e3o \u00e9 o treinador do clube.<\/p>\n<p>O clube ingl\u00eas refere que o despedimento se deve \u00e0s \u00abcircunst\u00e2ncias recentes\u00bb. De recordar que a rela\u00e7\u00e3o entre o treinador portugu\u00eas e o dono do Forest, o grego Evangelos Marinakis, n\u00e3o era a melhor como o <a href=\"https:\/\/maisfutebol.iol.pt\/made-in\/nuno-espirito-santo\/nes-a-relacao-com-marinakis-mudou-ja-nao-somos-tao-proximos\" target=\"_blank\" rel=\"nofollow noopener\">pr\u00f3prio confessou no final de agosto<\/a>.<\/p>\n<p>Nuno Esp\u00edrito Santo cumpria a terceira temporada ao servi\u00e7o do Nottingham Forest, tendo conseguido levar o clube brit\u00e2nico \u00e0s competi\u00e7\u00f5es europeias pela primeira vez desde os anos 90 depois do s\u00e9timo lugar na Premier League em 2024\/25.<\/p>\n<p>No entanto, o deteriorar da rela\u00e7\u00e3o com os dirigentes do clube e a mais recente <a href=\"https:\/\/maisfutebol.iol.pt\/internacional\/made-in\/west-ham-de-mateus-fernandes-aplica-derrota-pesada-ao-nottingham-de-nes\" target=\"_blank\" rel=\"nofollow noopener\">derrota frente ao West Ham por 3-0<\/a> foram a \u00abgota de \u00e1gua\u00bb para que Marinakis despedisse o t\u00e9cnico de 51 anos.<\/p>\n<p>NES orientou o Forest em 73 partidas com um saldo de 28 triunfos e deixa o clube no 10.\u00ba lugar da Premier League.<\/p>\n<p><strong>Leia aqui o comunicado do Nottingham Forest:<\/strong><\/p>\n<p>\u00abO Nottingham Forest Football Club confirma que, devido a circunst\u00e2ncias recentes, Nuno Esp\u00edrito Santo foi hoje dispensado das suas fun\u00e7\u00f5es como treinador principal.<\/p>\n<p>O clube agradece a Nuno pela sua contribui\u00e7\u00e3o durante uma era de muito sucesso no The City Ground, em particular pelo seu papel na temporada 2024\/25, que ser\u00e1 para sempre lembrada com carinho na hist\u00f3ria do clube.<\/p>\n<p>Como algu\u00e9m que desempenhou um papel fundamental no nosso sucesso na \u00faltima temporada, ele sempre ter\u00e1 um lugar especial na nossa jornada.\u00bb<\/p>\n<blockquote class=\"twitter-tweet\">\n<p lang=\"en\">Nottingham Forest Football Club confirms that, following recent circumstances, Nuno Esp\u00edrito Santo has today been relieved of his duties as Head Coach.<\/p>\n<p>The Club thanks Nuno for his contribution during a very successful era at The City Ground, in particular his role in the\u2026 <a href=\"https:\/\/t.co\/catCyeaeR4\" rel=\"nofollow\">pic.twitter.com\/catCyeaeR4<\/a><\/p>\n<p> \u2014 Nottingham Forest (@NFFC)<br \/>\n  <a href=\"https:\/\/twitter.com\/NFFC\/status\/1965192185084526629?ref_src=twsrc%5Etfw\" rel=\"nofollow noopener\" target=\"_blank\">September 8, 2025<\/a>\n <\/p><\/blockquote>\n<p>(Artigo atualizado \u00e0s 00h31)<\/p>\n<p>                                <script async src=\"https:\/\/platform.twitter.com\/widgets.js\" charset=\"utf-8\"><\/script><\/p>\n","protected":false},"excerpt":{"rendered":"O Nottingham Forest comunicou na madrugada desta ter\u00e7a-feira que Nuno Espirito Santo j\u00e1 n\u00e3o \u00e9 o treinador do&hellip;\n","protected":false},"author":2,"featured_media":63981,"comment_status":"","ping_status":"","sticky":false,"template":"","format":"standard","meta":{"footnotes":""},"categories":[87],"tags":[135,665,436,46,1527,12179,32,33,47,134],"class_list":{"0":"post-63980","1":"post","2":"type-post","3":"status-publish","4":"format-standard","5":"has-post-thumbnail","7":"category-desporto","8":"tag-desporto","9":"tag-inglaterra","10":"tag-made-in","11":"tag-maisfutebol","12":"tag-nottingham-forest","13":"tag-nuno-espirito-santo","14":"tag-portugal","15":"tag-pt","16":"tag-pura-paixao","17":"tag-sports"},"share_on_mastodon":{"url":"","error":""},"_links":{"self":[{"href":"https:\/\/www.europesays.com\/pt\/wp-json\/wp\/v2\/posts\/63980","targetHints":{"allow":["GET"]}}],"collection":[{"href":"https:\/\/www.europesays.com\/pt\/wp-json\/wp\/v2\/posts"}],"about":[{"href":"https:\/\/www.europesays.com\/pt\/wp-json\/wp\/v2\/types\/post"}],"author":[{"embeddable":true,"href":"https:\/\/www.europesays.com\/pt\/wp-json\/wp\/v2\/users\/2"}],"replies":[{"embeddable":true,"href":"https:\/\/www.europesays.com\/pt\/wp-json\/wp\/v2\/comments?post=63980"}],"version-history":[{"count":0,"href":"https:\/\/www.europesays.com\/pt\/wp-json\/wp\/v2\/posts\/63980\/revisions"}],"wp:featuredmedia":[{"embeddable":true,"href":"https:\/\/www.europesays.com\/pt\/wp-json\/wp\/v2\/media\/63981"}],"wp:attachment":[{"href":"https:\/\/www.europesays.com\/pt\/wp-json\/wp\/v2\/media?parent=63980"}],"wp:term":[{"taxonomy":"category","embeddable":true,"href":"https:\/\/www.europesays.com\/pt\/wp-json\/wp\/v2\/categories?post=63980"},{"taxonomy":"post_tag","embeddable":true,"href":"https:\/\/www.europesays.com\/pt\/wp-json\/wp\/v2\/tags?post=63980"}],"curies":[{"name":"wp","href":"https:\/\/api.w.org\/{rel}","templated":true}]}}