{"id":63984,"date":"2025-09-09T07:31:12","date_gmt":"2025-09-09T07:31:12","guid":{"rendered":"https:\/\/www.europesays.com\/pt\/63984\/"},"modified":"2025-09-09T07:31:12","modified_gmt":"2025-09-09T07:31:12","slug":"hoje-ha-evento-da-apple-saiba-tudo-o-que-deve-ser-apresentado","status":"publish","type":"post","link":"https:\/\/www.europesays.com\/pt\/63984\/","title":{"rendered":"Hoje h\u00e1 evento da Apple. Saiba tudo o que deve ser apresentado"},"content":{"rendered":"<p>Um dos momentos mais aguardados pelos f\u00e3s e seguidores da Apple ter\u00e1 lugar esta ter\u00e7a-feira, dia 9 de setembro. Conforme anunciado pela \u2018Empresa da Ma\u00e7\u00e3\u2019, o evento anual dedicado \u00e0 apresenta\u00e7\u00e3o de novos produtos ser\u00e1 hoje e o evento contar\u00e1 com transmiss\u00e3o em direto a partir do Steve Jobs Theater no Apple Park na Calif\u00f3rnia, EUA.<\/p>\n<p>Tal como \u00e9 tradi\u00e7\u00e3o da Apple, \u00e9 neste evento que poderemos ficar a conhecer os produtos da Apple que ser\u00e3o lan\u00e7ados nesta segunda metade do ano e, claro est\u00e1, \u00e9 mais que certo que poderemos contar com uma nova gera\u00e7\u00e3o de iPhones.<\/p>\n<p>Mas o evento da Apple n\u00e3o limitar\u00e1 certamente a novos telem\u00f3veis. Decidimos ent\u00e3o olhar para os rumores que t\u00eam circulado para lhe dizer, abaixo, o que (muito) provavelmente poder\u00e1 ficar a conhecer na apresenta\u00e7\u00e3o de hoje.<\/p>\n<p>Al\u00e9m dos produtos que (quase) garantidamente poder\u00e1 ver nesta apresenta\u00e7\u00e3o da Apple, junt\u00e1mos mais alguns produtos com os quais a empresa poder\u00e1 surpreender os espectadores.<\/p>\n<p>Sem mais demoras, saiba abaixo os produtos que a Apple dever\u00e1 dar a conhecer neste evento.<\/p>\n<p>\u00a0<\/p>\n<p>iPhone 17, iPhone 17 Pro e iPhone 17 Pro Max<\/p>\n<p>O an\u00fancio de novos iPhones \u00e9 sempre um dos momentos altos de qualquer evento da Apple e, em 2025, a s\u00e9rie iPhone 17 n\u00e3o dever\u00e1 ser exce\u00e7\u00e3o. Entre as novidades estar\u00e3o, com toda a certeza, o iPhone 17, o iPhone 17 Pro e o iPhone 17 Pro Max.<\/p>\n<p> <img decoding=\"async\" src=\"https:\/\/www.europesays.com\/pt\/wp-content\/uploads\/2025\/09\/naom_688a29922707a.jpeg\" border=\"0\" alt=\"Not\u00edcias ao Minuto\" height=\"360\"\/>iPhone 17 Pro \u00a9 X \/ SonnyDickson \u00a0<\/p>\n<p>Como os nomes indicam, estes modelos ser\u00e3o sucessores diretos do iPhone 16, do iPhone 16 Pro e do iPhone 16 Pro Max lan\u00e7ados em 2024 e, como tal, poder\u00e1 contar com as melhorias habituais &#8211; como um processador mais potente, bateria com mais capacidade, c\u00e2mara de melhor qualidade e, esperemos, novas funcionalidades de Intelig\u00eancia Artificial.<\/p>\n<p>Por outro lado, o modelo mais interessante do alinhamento deste ano n\u00e3o dever\u00e1 ser um sucessor da gera\u00e7\u00e3o iPhone 16 e sim algo totalmente novo\u2026<\/p>\n<p>iPhone 17 Air<\/p>\n<p>Os rumores que t\u00eam circulado sobre o iPhone 17 Air indicam que este ser\u00e1 o telem\u00f3vel mais fino alguma vez lan\u00e7ado pela Apple. As informa\u00e7\u00f5es que t\u00eam circulado d\u00e3o conta que o iPhone 17 Air ter\u00e1 apenas 5,5 mm de espessura e contar\u00e1 com um ecr\u00e3 de 6,6 polegadas.<\/p>\n<p> <img decoding=\"async\" src=\"https:\/\/www.europesays.com\/pt\/wp-content\/uploads\/2025\/09\/naom_6818929c1598e.jpg\" border=\"0\" alt=\"Not\u00edcias ao Minuto\" height=\"360\"\/> iPhone 17 Air \u00a9 Tom&#8217;s Guide \u00a0<\/p>\n<p>Haver\u00e1, claro, algumas ced\u00eancias. Acredita-se que o iPhone 17 Air ter\u00e1 uma c\u00e2mara com apenas um sensor (ao contr\u00e1rio dos dois presentes no iPhone 17 e dos tr\u00eas inclu\u00eddos nos modelos Pro) e contar\u00e1 com uma bateria cuja capacidade dever\u00e1 ser semelhante \u00e0 do iPhone 13 mini de 2021.<\/p>\n<p>O objetivo da Apple com o iPhone 17 Air dever\u00e1 ser voltar a atrair as aten\u00e7\u00f5es dos aficionados por dispositivos m\u00f3veis e apresentar o design com o principal ponto forte a ter em conta.<\/p>\n<p>Apple Watch Series 11, Ultra 3 e SE 3<\/p>\n<p>Os rumores que t\u00eam sido partilhados indicam que a Apple pretende anunciar um total de t\u00eas novos modelos do seu rel\u00f3gio inteligente: o Apple Watch Series 11, o Apple Watch Ultra 3 e Apple Watch SE3.<\/p>\n<p> <img decoding=\"async\" src=\"https:\/\/www.europesays.com\/pt\/wp-content\/uploads\/2025\/09\/naom_68a2e771e9609.jpg\" border=\"0\" alt=\"Not\u00edcias ao Minuto\" height=\"360\"\/> Apple Watch Series 10 \u00a9 Shutterstock \u00a0<\/p>\n<p>Com novos modelos para cobrir todos os segmentos de pre\u00e7o, a Apple espera ter uma palavra a dizer no que diz respeito ao crescimento que rivais como a Huawei e a Xiaomi t\u00eam verificado no mercado dos \u2018wearables\u2019.<\/p>\n<p>Al\u00e9m do pre\u00e7o, a Apple pretende integrar no Apple Watch Series 11 e Apple Watch Ultra 2 um novo um nosso sensor de press\u00e3o sangu\u00ednea &#8211; o qual avisar\u00e1 os utilizadores caso esta esteja muito alta ou muito baixa.<\/p>\n<p>Por outro lado, o novo Apple Watch SE3 n\u00e3o dever\u00e1 contar com novidades de peso a n\u00e3o ser um ecr\u00e3 maior, desempenho mais potente e uma bateria com mais capacidade.<\/p>\n<p>AirPods Pro 3<\/p>\n<p>Dado que os AirPods Pro 2 foram lan\u00e7ados em 2022, est\u00e1 na altura de a Apple anunciar novos modelos e tudo indica que ser\u00e1 esta ter\u00e7a-feira que ficaremos a conhecer os AirPods Pro 3.<\/p>\n<p> <img decoding=\"async\" src=\"https:\/\/www.europesays.com\/pt\/wp-content\/uploads\/2025\/09\/naom_63199d37a3da7.jpg\" border=\"0\" alt=\"Not\u00edcias ao Minuto\" height=\"360\"\/> AirPods Pro 2 \u00a9 Apple \u00a0<\/p>\n<p>As informa\u00e7\u00f5es que t\u00eam circulado indicam que, al\u00e9m de um novo design &#8211; tanto nos pr\u00f3prios fones sem fios como na caixa\/carregador &#8211; acredita-se que o novo processador H3 servir\u00e1 para melhorar a tecnologia de cancelamento de ru\u00eddo e, no processo, integrar tamb\u00e9m novas funcionalidades voltadas para a sa\u00fade e bem-estar.<\/p>\n<p>N\u00e3o est\u00e1 fora de hip\u00f3tese a integra\u00e7\u00e3o de um sensor capaz de medir a temperatura corporal, assim como a compatibilidade com funcionalidades de Intelig\u00eancia Artificial &#8211; como a capacidade de traduzir conversas em tempo real. Nem todas estas funcionalidades poder\u00e3o ficar dispon\u00edveis no lan\u00e7amento, mas a Apple dever\u00e1 lan\u00e7ar atualiza\u00e7\u00f5es para as disponibilizar ao longo dos meses seguintes.<\/p>\n<p>Espa\u00e7o para surpresas<\/p>\n<p>Al\u00e9m dos produtos acima, \u00e9 altamente prov\u00e1vel que a Apple aproveite esta ocasi\u00e3o para desvendar outras novidades e \u2018refrescar\u2019 alguns dos seus outros produtos que (geralmente) n\u00e3o recebem tanta aten\u00e7\u00e3o.<\/p>\n<p> <img decoding=\"async\" src=\"https:\/\/www.europesays.com\/pt\/wp-content\/uploads\/2025\/09\/naom_667ea8eb64e43.jpg\" border=\"0\" alt=\"Not\u00edcias ao Minuto\" height=\"360\"\/> Vision Pro \u00a9 Apple \u00a0<\/p>\n<p>Entre os que t\u00eam sido alvo de rumores temos uma nova gera\u00e7\u00e3o dos localizadores AirTag, dos \u00f3culos realidade virtual e aumentada Vision Pro, da coluna caseira HomePod mini, da \u2018box\u2019 de televis\u00e3o Apple TV e, possivelmente, um novo tablet topo de gama iPad Pro equipado com um processador M5.<\/p>\n<p>Sendo a Apple, h\u00e1 sempre a possibilidade de haver uma ou outra surpresa mas, por enquanto, ter\u00e1 mesmo de estar atento e seguir o evento em direto para saber o que a \u2018Empresa da Ma\u00e7\u00e3\u2019 tem preparado.<\/p>\n<p>Onde e como ver?<\/p>\n<p>Felizmente para todos aqueles que n\u00e3o ter\u00e3o a oportunidade de estar presentes no Steve Jobs Theater, esta apresenta\u00e7\u00e3o da Apple ser\u00e1 transmitida em direto para todo o mundo. Os interessados ter\u00e3o at\u00e9 alguma liberdade de escolha na forma como poder\u00e3o seguir o evento.<\/p>\n<p>A apresenta\u00e7\u00e3o poder\u00e1 ser vista atrav\u00e9s do <a href=\"https:\/\/www.youtube.com\/@Apple\" target=\"_blank\" rel=\"noopener nofollow\">canal da Apple no YouTube<\/a>, por via do <a href=\"https:\/\/www.apple.com\/pt\/\" target=\"_blank\" rel=\"noopener nofollow\">site oficial<\/a> da \u2018Empresa da Ma\u00e7\u00e3\u2019 e tamb\u00e9m por via da aplica\u00e7\u00e3o Apple TV. O evento come\u00e7a \u00e0s 18:00 (hora de Lisboa).<\/p>\n<p>Leia Tamb\u00e9m: <a href=\"https:\/\/www.noticiasaominuto.com\/tech\/2848158\/acordo-fechado-apple-e-google-unem-se-para-lancar-siri-com-ia\" target=\"_blank\" rel=\"noopener noreferrer nofollow\">Acordo fechado? Apple e Google unem-se para lan\u00e7ar Siri com IA<\/a><\/p>\n","protected":false},"excerpt":{"rendered":"Um dos momentos mais aguardados pelos f\u00e3s e seguidores da Apple ter\u00e1 lugar esta ter\u00e7a-feira, dia 9 de&hellip;\n","protected":false},"author":2,"featured_media":63985,"comment_status":"","ping_status":"","sticky":false,"template":"","format":"standard","meta":{"footnotes":""},"categories":[84],"tags":[109,107,108,32,33,105,103,104,106,110],"class_list":{"0":"post-63984","1":"post","2":"type-post","3":"status-publish","4":"format-standard","5":"has-post-thumbnail","7":"category-ciencia-e-tecnologia","8":"tag-ciencia","9":"tag-ciencia-e-tecnologia","10":"tag-cienciaetecnologia","11":"tag-portugal","12":"tag-pt","13":"tag-science","14":"tag-science-and-technology","15":"tag-scienceandtechnology","16":"tag-technology","17":"tag-tecnologia"},"share_on_mastodon":{"url":"","error":""},"_links":{"self":[{"href":"https:\/\/www.europesays.com\/pt\/wp-json\/wp\/v2\/posts\/63984","targetHints":{"allow":["GET"]}}],"collection":[{"href":"https:\/\/www.europesays.com\/pt\/wp-json\/wp\/v2\/posts"}],"about":[{"href":"https:\/\/www.europesays.com\/pt\/wp-json\/wp\/v2\/types\/post"}],"author":[{"embeddable":true,"href":"https:\/\/www.europesays.com\/pt\/wp-json\/wp\/v2\/users\/2"}],"replies":[{"embeddable":true,"href":"https:\/\/www.europesays.com\/pt\/wp-json\/wp\/v2\/comments?post=63984"}],"version-history":[{"count":0,"href":"https:\/\/www.europesays.com\/pt\/wp-json\/wp\/v2\/posts\/63984\/revisions"}],"wp:featuredmedia":[{"embeddable":true,"href":"https:\/\/www.europesays.com\/pt\/wp-json\/wp\/v2\/media\/63985"}],"wp:attachment":[{"href":"https:\/\/www.europesays.com\/pt\/wp-json\/wp\/v2\/media?parent=63984"}],"wp:term":[{"taxonomy":"category","embeddable":true,"href":"https:\/\/www.europesays.com\/pt\/wp-json\/wp\/v2\/categories?post=63984"},{"taxonomy":"post_tag","embeddable":true,"href":"https:\/\/www.europesays.com\/pt\/wp-json\/wp\/v2\/tags?post=63984"}],"curies":[{"name":"wp","href":"https:\/\/api.w.org\/{rel}","templated":true}]}}