{"id":63986,"date":"2025-09-09T07:33:11","date_gmt":"2025-09-09T07:33:11","guid":{"rendered":"https:\/\/www.europesays.com\/pt\/63986\/"},"modified":"2025-09-09T07:33:11","modified_gmt":"2025-09-09T07:33:11","slug":"barco-da-flotilha-para-gaza-atingido-por-drone-danos-foram-superficiais-gaza","status":"publish","type":"post","link":"https:\/\/www.europesays.com\/pt\/63986\/","title":{"rendered":"Barco da Flotilha para Gaza atingido por drone. Danos foram \u201csuperficiais\u201d | Gaza"},"content":{"rendered":"<p>A Flotilha Global Sumud para Gaza (GSF, na sigla inglesa) disse, na madrugada desta ter\u00e7a-feira, que um dos seus principais <a href=\"https:\/\/www.publico.pt\/2025\/09\/03\/p3\/noticia\/miguel-duarte-rumo-gaza-sinto-vergonha-posicao-governo-2145902\" rel=\"nofollow noopener\" target=\"_blank\">barcos <\/a>foi atingido por um drone em \u00e1guas tunisinas, mas que os os seis passageiros e a tripula\u00e7\u00e3o est\u00e3o a salvo. Os danos foram apenas &#8220;superficiais&#8221; e o barco &#8220;pode viajar&#8221; para Gaza esta quarta-feira.<\/p>\n<p>O <a href=\"https:\/\/www.publico.pt\/2025\/09\/02\/mundo\/noticia\/gaza-flotilha-segue-viagem-cinco-barcos-tres-portugueses-bordo-2145721\" rel=\"nofollow noopener\" target=\"_blank\">barco <\/a>de bandeira portuguesa, que \u00e9 conhecido como o \u201cBarco da Fam\u00edlia\u201d, sofreu danos ap\u00f3s um inc\u00eandio no conv\u00e9s principal e no armazenamento abaixo do conv\u00e9s, acrescentou o GSF num comunicado. Al\u00e9m do activista Miguel Duarte, integram tamb\u00e9m a flotilha a coordenadora do Bloco de Esquerda, Mariana Mort\u00e1gua, e a actriz Sofia Apar\u00edcio.<\/p>\n<p>\u201cO ataque provocou um inc\u00eandio que foi extinto pela tripula\u00e7\u00e3o que se encontrava no local. Foi lan\u00e7ada uma investiga\u00e7\u00e3o e mais informa\u00e7\u00f5es ser\u00e3o transmitidas \u00e0 medida que ficarem dispon\u00edveis. A miss\u00e3o n\u00e3o ser\u00e1 detida por actos de agress\u00e3o que visam intimidar e impedi-la. A miss\u00e3o de quebrar o cerco a Gaza e de solidariedade com o povo Palestiniano continua\u201d, acrescenta o GFS na nota.<\/p>\n<p>O incidente foi tamb\u00e9m noticiado pela relatora especial da ONU para a Cisjord\u00e2nia e Gaza numa <a href=\"https:\/\/x.com\/FranceskAlbs\/status\/1965192136862953977\" rel=\"nofollow\">publica\u00e7\u00e3o no X<\/a>. Francesca Albanese escreveu que &#8220;o barco principal da flotilha (Family) foi atacado aparentemente por um drone no porto de Tunes&#8221; e acrescentou que &#8220;outros dois navios est\u00e3o a caminho de Tunes e precisam de protec\u00e7\u00e3o urgente&#8221;.<\/p>\n<p>        &#13;<\/p>\n<blockquote class=\"twitter-tweet\">\n<p lang=\"en\" dir=\"ltr\">Press Statement<br \/>For Immediate Release<\/p>\n<p>The Global Sumud Flotilla (GSF) confirms that one of the main boats, known as the \u201cFamily Boat\u201d &#8211; that was carrying GSF Steering Committee members, was struck by a drone. The boat was under the Portuguese flag and a\u2026 <a href=\"https:\/\/t.co\/7fy4uX7snn\" rel=\"nofollow\">https:\/\/t.co\/7fy4uX7snn<\/a><\/p>\n<p>\u2014 Global Sumud Flotilla (@gbsumudflotilla) <a href=\"https:\/\/twitter.com\/gbsumudflotilla\/status\/1965200402510463400?ref_src=twsrc%5Etfw\" rel=\"nofollow noopener\" target=\"_blank\">September 8, 2025<\/a><\/p><\/blockquote>\n<p> &#13;<\/p>\n<p>Tamb\u00e9m <a href=\"https:\/\/x.com\/FranceskAlbs\/status\/1965202434298708363\" rel=\"nofollow\">partilhou imagens<\/a> do momento em que, depois de se ouvir o som do que parece ser um drone, \u00e9 vis\u00edvel uma explos\u00e3o no barco. Num dos v\u00eddeos partilhados, percebe-se que o ataque quase atingiu dois activistas que se dirigiam para o local da embarca\u00e7\u00e3o alvejada.<\/p>\n<p>&#8220;Quem \u00e9 o dono deste drone? Estamos em territ\u00f3rio soberano tunisino&#8221;, disse num v\u00eddeo o <a href=\"https:\/\/www.publico.pt\/2025\/06\/07\/p3\/entrevista\/activista-brasileiro-bordo-madleen-rumo-gaza-humanidade-inteira-fica-divida-palestina-2135908\" rel=\"nofollow noopener\" target=\"_blank\">activista brasileiro Thiago \u00c1vila<\/a>, um dos membros da flotilha, que se encontrava no porto de Sidi Bou Said, onde as embarca\u00e7\u00f5es que partiram de Espanha no in\u00edcio do m\u00eas come\u00e7aram a atracar no domingo, \u00e0 espera de outras que a\u00ed se juntar\u00e3o at\u00e9 ao rein\u00edcio da viagem para Gaza esta quarta-feira, dia 10.<\/p>\n<p>&#8220;N\u00e3o sabemos quem realizou o ataque, mas n\u00e3o ficar\u00edamos surpreendidos se fosse Israel. Se confirmado, \u00e9 um ataque contra a soberania tunisina&#8221;, alegou Francesa Albanese em declara\u00e7\u00f5es \u00e0 Reuters. Outros activistas da GSF tamb\u00e9m acusaram Israel da autoria do ataque em v\u00e1rios v\u00eddeos divulgados nas redes sociais. N\u00e3o houve, at\u00e9 ao momento, uma reac\u00e7\u00e3o de Israel.<\/p>\n<p>Por sua vez, o minist\u00e9rio do Interior da Tun\u00edsia rejeita o ataque, afirmando que as not\u00edcias de um drone ter atingido um barco no porto de Sidi Bou Said &#8220;n\u00e3o t\u00eam fundamento na verdade&#8221; e que o inc\u00eandio teve origem no pr\u00f3prio navio. Tamb\u00e9m a Guarda Costeira tunisina garantiu atrav\u00e9s de um comunicado que &#8220;n\u00e3o existe qualquer acto hostil nem ataque externo&#8221;.<\/p>\n<p>Na sequ\u00eancia do incidente, centenas de tunisinos dirigiram-se durante a madrugada ao porto de Sidi Bou Said para mostrar solidariedade para com a flotilha, segundo v\u00eddeos divulgados nas redes sociais, em que se ouviam gritos com &#8220;viva a Palestina&#8221;.<\/p>\n<p>A <a href=\"https:\/\/www.publico.pt\/2025\/09\/02\/mundo\/noticia\/flotilha-gaza-lanca-apelo-urgente-proteccao-corredor-ajuda-2145801\" rel=\"nofollow noopener\" target=\"_blank\">flotilha <\/a>\u00e9 uma iniciativa internacional que visa entregar <a href=\"https:\/\/www.publico.pt\/2025\/08\/31\/mundo\/noticia\/barcos-flotilha-humanitaria-partiram-barcelona-rumo-gaza-2145544\" rel=\"nofollow noopener\" target=\"_blank\">ajuda humanit\u00e1ria<\/a> a Gaza atrav\u00e9s de barcos civis apoiados por delega\u00e7\u00f5es de 44 pa\u00edses.<\/p>\n<p>Israel imp\u00f4s um bloqueio naval \u00e0 zona costeira do enclave desde que o Hamas assumiu o controlo de Gaza em 2007, afirmando que o seu objectivo \u00e9 impedir que as armas cheguem ao grupo militante.<\/p>\n<p>O bloqueio manteve-se durante os conflitos incluindo na guerra actual que come\u00e7ou quando o Hamas atacou o sul de Israel em Outubro de 2023, matando 1200 pessoas e fazendo cerca de 250 ref\u00e9ns.<\/p>\n<p>O subsequente ataque militar de Israel contra o Hamas matou mais de 64 mil palestinianos, segundo o Minist\u00e9rio da Sa\u00fade de Gaza, enquanto uma organiza\u00e7\u00e3o global de monitoriza\u00e7\u00e3o da fome diz que parte das pessoas na faixa de Gaza est\u00e1 a sofrer com a fome.<\/p>\n<p>Israel isolou a Faixa de Gaza por terra no in\u00edcio de Mar\u00e7o, deixando-a sem fornecimento alimentar durante tr\u00eas meses, argumentando que o Hamas estava a desviar a ajuda.<\/p>\n<p>            <script async src=\"https:\/\/platform.twitter.com\/widgets.js\" charset=\"utf-8\"><\/script><\/p>\n","protected":false},"excerpt":{"rendered":"A Flotilha Global Sumud para Gaza (GSF, na sigla inglesa) disse, na madrugada desta ter\u00e7a-feira, que um dos&hellip;\n","protected":false},"author":2,"featured_media":63987,"comment_status":"","ping_status":"","sticky":false,"template":"","format":"standard","meta":{"footnotes":""},"categories":[50],"tags":[946,27,28,257,15,16,532,14,259,25,26,21,22,432,62,12,13,19,20,32,23,24,17,18,17696,29,30,31,63,64,65],"class_list":{"0":"post-63986","1":"post","2":"type-post","3":"status-publish","4":"format-standard","5":"has-post-thumbnail","7":"category-mundo","8":"tag-ajuda-humanitaria","9":"tag-breaking-news","10":"tag-breakingnews","11":"tag-faixa-de-gaza","12":"tag-featured-news","13":"tag-featurednews","14":"tag-gaza","15":"tag-headlines","16":"tag-israel","17":"tag-latest-news","18":"tag-latestnews","19":"tag-main-news","20":"tag-mainnews","21":"tag-medio-oriente","22":"tag-mundo","23":"tag-news","24":"tag-noticias","25":"tag-noticias-principais","26":"tag-noticiasprincipais","27":"tag-portugal","28":"tag-principais-noticias","29":"tag-principaisnoticias","30":"tag-top-stories","31":"tag-topstories","32":"tag-tunisia","33":"tag-ultimas","34":"tag-ultimas-noticias","35":"tag-ultimasnoticias","36":"tag-world","37":"tag-world-news","38":"tag-worldnews"},"share_on_mastodon":{"url":"","error":""},"_links":{"self":[{"href":"https:\/\/www.europesays.com\/pt\/wp-json\/wp\/v2\/posts\/63986","targetHints":{"allow":["GET"]}}],"collection":[{"href":"https:\/\/www.europesays.com\/pt\/wp-json\/wp\/v2\/posts"}],"about":[{"href":"https:\/\/www.europesays.com\/pt\/wp-json\/wp\/v2\/types\/post"}],"author":[{"embeddable":true,"href":"https:\/\/www.europesays.com\/pt\/wp-json\/wp\/v2\/users\/2"}],"replies":[{"embeddable":true,"href":"https:\/\/www.europesays.com\/pt\/wp-json\/wp\/v2\/comments?post=63986"}],"version-history":[{"count":0,"href":"https:\/\/www.europesays.com\/pt\/wp-json\/wp\/v2\/posts\/63986\/revisions"}],"wp:featuredmedia":[{"embeddable":true,"href":"https:\/\/www.europesays.com\/pt\/wp-json\/wp\/v2\/media\/63987"}],"wp:attachment":[{"href":"https:\/\/www.europesays.com\/pt\/wp-json\/wp\/v2\/media?parent=63986"}],"wp:term":[{"taxonomy":"category","embeddable":true,"href":"https:\/\/www.europesays.com\/pt\/wp-json\/wp\/v2\/categories?post=63986"},{"taxonomy":"post_tag","embeddable":true,"href":"https:\/\/www.europesays.com\/pt\/wp-json\/wp\/v2\/tags?post=63986"}],"curies":[{"name":"wp","href":"https:\/\/api.w.org\/{rel}","templated":true}]}}