{"id":63988,"date":"2025-09-09T07:36:17","date_gmt":"2025-09-09T07:36:17","guid":{"rendered":"https:\/\/www.europesays.com\/pt\/63988\/"},"modified":"2025-09-09T07:36:17","modified_gmt":"2025-09-09T07:36:17","slug":"angela-ro-ro-colaborou-com-documentario-sobre-sua-carreira-antes-de-ultima-internacao-uol","status":"publish","type":"post","link":"https:\/\/www.europesays.com\/pt\/63988\/","title":{"rendered":"Angela Ro Ro colaborou com document\u00e1rio sobre sua carreira antes de \u00faltima interna\u00e7\u00e3o &#8211; UOL"},"content":{"rendered":"<ol>\n<li><a href=\"https:\/\/news.google.com\/rss\/articles\/CBMi7AFBVV95cUxPa1V4MFMwb2RqWlU5UTRHcTRBczhVb1BVdjZCTXdZc3Z5V3N0dU9GTFFoZ2xFR2syYUhMVVJJTlFYSXN1dlQ4MmdhZkZEanN5SHJad2RpM1dNSUxGTGNuODFmNFgyTXFKYUtpZ2h3WE43dUJQNndDdnRrMFFYa0xZeXFJbExzWEh5YU9JbHV6S3ZSVXFDQmVuSUZ2QjRMT0FiNkxIdEczeGVUbGw5MDRjRE41Y2N6X3EtR0lIWkRaTzBGRnBlTzJvSmMtb21xUDFLa05QR3RPR2ZxNG1SLWdVbGp0R29YNG9NSkUwTQ?oc=5\" target=\"_blank\" rel=\"nofollow noopener\">Angela Ro Ro colaborou com document\u00e1rio sobre sua carreira antes de \u00faltima interna\u00e7\u00e3o<\/a>&nbsp;&nbsp;UOL<\/li>\n<li><a href=\"https:\/\/news.google.com\/rss\/articles\/CBMizAFBVV95cUxPbnBYME5fYmdVRDJaTkxxc2xMdXlkUkxEaTBDYVBuM2xRMmtocDQzcENoSUpJM0lpMHlFamEzcHotdzcxRTRBemVuNng3d2dPRVU0NHhHVGxONTRlRzVqc3g1b1JSSnBSZE9JUHNrTWNFNUhwalhQcnJQYUtvcW12T21GME9WMk91d1ZsWlZZWnZVTnBtMWNKYmNNMjNRZkx6N2JxRi0zQ21vVkZiTHBlWGZveTFRblB3VFR5ZFFOZVVFTWFndElMMTdFX0fSAdIBQVVfeXFMUDV4cVBtY1M5UE1VVlptTDZiWlFUTlM2OTczMVN5TDljd1Z1LTc1Q0lieW9aOTJpT25ISTFLVS1FWjFhSmxwbFh2RzRsYzFWZlpBWkdvWUtiRTJ5TkVDMW1lNmRwSl9OcjJJMnlrckN6ZDdDaHZWS1cyX0NwdjkwTXhGc3BYdDN5Q3pMQUJkWlVQZFR0UUxYV0lRTkJVOEpCOTQ4NGxNNDdhYmxNQng4c1pPZ2YyengxUGlBNnhEMDFUY1ViYU5XeFNTVGJWT1BjMFJR?oc=5\" target=\"_blank\" rel=\"nofollow noopener\">Vel\u00f3rio de Angela Ro Ro ser\u00e1 nesta ter\u00e7a em cerim\u00f4nia aberta para os f\u00e3s da artista<\/a>&nbsp;&nbsp;Folha de S.Paulo<\/li>\n<li><a href=\"https:\/\/news.google.com\/rss\/articles\/CBMi9gFBVV95cUxPaVIzd3VhMmhxTWhnNFJPdmdPSW12aG93OV9iMXBJcWtyeVIzVkVGYXE0Y1RpaHpFWEpHTWRRa0FnaVVtVDFmSjR6ZWdXdG5QcGgyZFpYRnhqZ0FLX19vNHJiZXcyUUoweUZqWkozdVhMaWNOa3I0UTVEbEwxTndDX0h5UTZNNUpqZF9CUzBhdW1wOWdONFR1UEE1eGNtYTFnS2VVbzUzU19MZUlYQnVzSWNhNlVxSlBQa0o4Yk9ycFpuLW1vUkdMWWZVVXhGbEZpRGN4VTBWUlhTSEJYTE5XTkxtdHdRM1diYjlZNGFJMjdMbzVzUlHSAYQCQVVfeXFMTlFXdVJxc09icWZ3azRHQloxZEltai1wWEpsMEE5YUgwQTl0VUMyQUhReTFSc29ZM2pFZGVibEpqR0FwNjN1NXpPSURGTUhfV0pPQS1DLVotTWE1SVJQZUMyQnhpdHlKQV9USlU5bGVvVUNNc3NoQVRKTEF6OExvVlpJOHpIWVpYT0NQQXdwX0RLSFlfQkFaR3owRjYzRlVnZFlmWXU1MVZ4RW1ZRzVkMDFjNXJFSTAwNG05THV3ZE9YOG5nVEszYk84NUxuQTA4UW1GaXBZYWo5Rm9VeTJ3RzZrcFNCVXEzbTFvYkJJTjBfX1hLellTM1pySUgxVDdtMi1MMEg?oc=5\" target=\"_blank\" rel=\"nofollow noopener\">Ganho de R$ 800 por m\u00eas e &#8216;\u00e0 espera de alta&#8217;: os \u00faltimos meses de Angela Ro Ro sob os cuidados de ex-namorada<\/a>&nbsp;&nbsp;O Globo<\/li>\n<li><a href=\"https:\/\/news.google.com\/rss\/articles\/CBMisAFBVV95cUxOUzJ2azd6dWMteDNWa0N1SlZZOE84UmRpV3doWW14YVNmYVc5RGJIaG9SckxVTVNHb2FvZXNYOXE4ZnJNaWlCOXJDRXByc1RKQmwtZ2Z0Q3VrMmJFcEZHZ3B2bDJEWkZyS0UzWG9wNVRHc0dyLXdBYlRaWFhxb1lyaWxsaVBPVklucWxOUGhxNXM4dTJ5aUZKenZFSmRNQnFZUnI0X3N3dnIzODJ4N3dDUg?oc=5\" target=\"_blank\" rel=\"nofollow noopener\">Namorada secreta e romance com Zizi Possi: os amores de Angela Ro Ro<\/a>&nbsp;&nbsp;VEJA<\/li>\n<li><a href=\"https:\/\/news.google.com\/rss\/articles\/CBMitwFBVV95cUxQRHU0X0twQUV1MzlFWEVvM0k2UWVVdG53Nl9tTW1DV2lQUndMQXBLa2tnVXNtQzUxSjlhN3FDam11UHdvVmtTM3ZWWjBqeHQwTldubzlYVWVtaDZlSzMtenpmR1hkYlpZZFdjbS1LOW5INWdPS3VnQVQyODdxcTdqalgzZ2M5SW42SzRZQzFya2lOUFRHekthODFxc05GTTBjVEJ2cVotSXpCdFFic3dYbHdJTlVBdm8?oc=5\" target=\"_blank\" rel=\"nofollow noopener\">Cantora e compositora Angela Ro Ro morre aos 75 anos no Rio<\/a>&nbsp;&nbsp;Ag\u00eancia Brasil<\/li>\n<\/ol>\n","protected":false},"excerpt":{"rendered":"Angela Ro Ro colaborou com document\u00e1rio sobre sua carreira antes de \u00faltima interna\u00e7\u00e3o&nbsp;&nbsp;UOL Vel\u00f3rio de Angela Ro Ro&hellip;\n","protected":false},"author":2,"featured_media":63989,"comment_status":"","ping_status":"","sticky":false,"template":"","format":"standard","meta":{"footnotes":""},"categories":[145],"tags":[211,210,114,115,32,33],"class_list":{"0":"post-63988","1":"post","2":"type-post","3":"status-publish","4":"format-standard","5":"has-post-thumbnail","7":"category-celebridades","8":"tag-celebridades","9":"tag-celebrities","10":"tag-entertainment","11":"tag-entretenimento","12":"tag-portugal","13":"tag-pt"},"share_on_mastodon":{"url":"","error":""},"_links":{"self":[{"href":"https:\/\/www.europesays.com\/pt\/wp-json\/wp\/v2\/posts\/63988","targetHints":{"allow":["GET"]}}],"collection":[{"href":"https:\/\/www.europesays.com\/pt\/wp-json\/wp\/v2\/posts"}],"about":[{"href":"https:\/\/www.europesays.com\/pt\/wp-json\/wp\/v2\/types\/post"}],"author":[{"embeddable":true,"href":"https:\/\/www.europesays.com\/pt\/wp-json\/wp\/v2\/users\/2"}],"replies":[{"embeddable":true,"href":"https:\/\/www.europesays.com\/pt\/wp-json\/wp\/v2\/comments?post=63988"}],"version-history":[{"count":0,"href":"https:\/\/www.europesays.com\/pt\/wp-json\/wp\/v2\/posts\/63988\/revisions"}],"wp:featuredmedia":[{"embeddable":true,"href":"https:\/\/www.europesays.com\/pt\/wp-json\/wp\/v2\/media\/63989"}],"wp:attachment":[{"href":"https:\/\/www.europesays.com\/pt\/wp-json\/wp\/v2\/media?parent=63988"}],"wp:term":[{"taxonomy":"category","embeddable":true,"href":"https:\/\/www.europesays.com\/pt\/wp-json\/wp\/v2\/categories?post=63988"},{"taxonomy":"post_tag","embeddable":true,"href":"https:\/\/www.europesays.com\/pt\/wp-json\/wp\/v2\/tags?post=63988"}],"curies":[{"name":"wp","href":"https:\/\/api.w.org\/{rel}","templated":true}]}}