{"id":63999,"date":"2025-09-09T07:50:07","date_gmt":"2025-09-09T07:50:07","guid":{"rendered":"https:\/\/www.europesays.com\/pt\/63999\/"},"modified":"2025-09-09T07:50:07","modified_gmt":"2025-09-09T07:50:07","slug":"fiuk-e-barrado-por-segurancas-apos-tentar-invadir-camarim-de-travis-scott","status":"publish","type":"post","link":"https:\/\/www.europesays.com\/pt\/63999\/","title":{"rendered":"Fiuk \u00e9 barrado por seguran\u00e7as ap\u00f3s tentar invadir camarim de Travis Scott"},"content":{"rendered":"<p>\n                        O cantor Fiuk teria tentado invadir o camarim de Travis Scott em uma festa em S\u00e3o Paulo; ele foi retirado do local por seguran\u00e7as\n                    <\/p>\n<p class=\"text\">O cantor <b>Fiuk<\/b> teria tentado entrar no camarim do rapper <b>Travis Scott<\/b> em uma festa em S\u00e3o Paulo. O evento aconteceu no \u00faltimo s\u00e1bado (6\/9).<\/p>\n<p><img loading=\"lazy\" decoding=\"async\" alt=\"Fiuk \u00e9 barrado por seguran\u00e7as ap\u00f3s tentar invadir camarim de Travis Scott\" class=\"img-bc9adf5751b2c576099675e2c5184c83mwmg118p\" height=\"435\" src=\"https:\/\/www.europesays.com\/pt\/wp-content\/uploads\/2025\/09\/650640250-fiuk-e-barrado-por-segurancas-apos-tentar-invadir-camarim-de-travis-scott.png\"  title=\"Fiuk \u00e9 barrado por seguran\u00e7as ap\u00f3s tentar invadir camarim de Travis Scott\" width=\"774\"\/><\/p>\n<p>Fiuk \u00e9 barrado por seguran\u00e7as ap\u00f3s tentar invadir camarim de Travis Scott<\/p>\n<p>Foto: Contigo<\/p>\n<p class=\"text\">O rapper <b>Travis Scott<\/b> organizou uma festa depois de sua apresenta\u00e7\u00e3o em um festival de m\u00fasica. O evento reuniu celebridades brasileiras e internacionais.<\/p>\n<p class=\"text\">Segundo a colunista F\u00e1bia Oliveira, <b>Fiuk<\/b> tentou entrar no camarim do rapper cinco vezes. Em uma das ocasi\u00f5es, ele entrou no local enquanto o cantor <b>Matu\u00ea<\/b> estava l\u00e1. O ator foi retirado pelos seguran\u00e7as do rapper.<\/p>\n<p class=\"text\">A assessoria de imprensa de <b>Fiuk<\/b> negou a informa\u00e7\u00e3o. Em contato com o portal <b>LeoDias<\/b>, a equipe do cantor afirmou que ele n\u00e3o tentou invadir o camarim. &#8220;Essas informa\u00e7\u00f5es de que o cantor, compositor e ator <b>Fiuk<\/b> tentou invadir o camarim de um cantor estrangeiro n\u00e3o procede&#8221;, disse a equipe.<\/p>\n<blockquote class=\"instagram-media\" data-instgrm-captioned=\"\" data-instgrm-permalink=\"https:\/\/www.instagram.com\/p\/DEYC3BiSrg3\/?utm_source=ig_embed&amp;utm_campaign=loading\" data-instgrm-version=\"14\" style=\"background: #FFF; border: 0; border-radius: 3px; box-shadow: 0 0 1px 0 rgba(0,0,0,0.5),0 1px 10px 0 rgba(0,0,0,0.15); margin: 1px; max-width: 540px; min-width: 326px; padding: 0; width: calc(100% - 2px);\">\n<p>     Ver essa foto no Instagram <\/p>\n<p class=\"text\" style=\"color: #c9c8cd; font-family: Arial,sans-serif; font-size: 14px; line-height: 17px; margin-bottom: 0; margin-top: 8px; overflow: hidden; padding: 8px 0 7px; text-align: center; text-overflow: ellipsis; white-space: nowrap;\"><a href=\"https:\/\/www.instagram.com\/p\/DEYC3BiSrg3\/?utm_source=ig_embed&amp;utm_campaign=loading\" rel=\"noopener nofollow\" style=\"color: #c9c8cd; font-family: Arial,sans-serif; font-size: 14px; font-style: normal; font-weight: normal; line-height: 17px; text-decoration: none;\" target=\"_blank\">Uma publica\u00e7\u00e3o compartilhada por fiuk (@fiuk)<\/a><\/p>\n<\/blockquote>\n<p>Fiuk debocha de rela\u00e7\u00e3o com F\u00e1bio Jr. no Dia dos Pais<\/p>\n<p class=\"text\">Data em que se celebrou o Dia dos Pais, o cantor Fiuk usou suas redes sociais para compartilhar um v\u00eddeo com tom bem-humorado sobre sua rela\u00e7\u00e3o com o pai, F\u00e1bio Jr.. No entanto, ao inv\u00e9s de prestar homenagem ao famoso cantor, ele surpreendeu ao direcionar todo o afeto para um objeto especial: sua guitarra, instrumento que o acompanha h\u00e1 anos. A grava\u00e7\u00e3o fazia parte de uma a\u00e7\u00e3o publicit\u00e1ria para uma plataforma de viagens de \u00f4nibus.<\/p>\n<p class=\"text\">No v\u00eddeo,\u00a0<strong>Fiuk<\/strong>\u00a0aparece abrindo a porta de casa como se estivesse recebendo o pai para uma visita. Com express\u00e3o emocionada, ele inicia um discurso que, \u00e0 primeira vista, d\u00e1 a entender que seria dedicado a\u00a0<strong>F\u00e1bio Jr.<\/strong>.<\/p>\n<p class=\"text\">&#8220;Hoje \u00e9 uma data muito especial e estou aqui para fazer uma homenagem para quem sempre esteve comigo, para quem me ensinou tudo sobre m\u00fasica, para quem me acompanhou&#8230;&#8221; Continue lendo aqui!<\/p>\n<p>                            <script async src=\"\/\/www.instagram.com\/embed.js\"><\/script><\/p>\n","protected":false},"excerpt":{"rendered":"O cantor Fiuk teria tentado invadir o camarim de Travis Scott em uma festa em S\u00e3o Paulo; ele&hellip;\n","protected":false},"author":2,"featured_media":64000,"comment_status":"","ping_status":"","sticky":false,"template":"","format":"standard","meta":{"footnotes":""},"categories":[145],"tags":[211,210,114,115,32,33],"class_list":{"0":"post-63999","1":"post","2":"type-post","3":"status-publish","4":"format-standard","5":"has-post-thumbnail","7":"category-celebridades","8":"tag-celebridades","9":"tag-celebrities","10":"tag-entertainment","11":"tag-entretenimento","12":"tag-portugal","13":"tag-pt"},"share_on_mastodon":{"url":"","error":""},"_links":{"self":[{"href":"https:\/\/www.europesays.com\/pt\/wp-json\/wp\/v2\/posts\/63999","targetHints":{"allow":["GET"]}}],"collection":[{"href":"https:\/\/www.europesays.com\/pt\/wp-json\/wp\/v2\/posts"}],"about":[{"href":"https:\/\/www.europesays.com\/pt\/wp-json\/wp\/v2\/types\/post"}],"author":[{"embeddable":true,"href":"https:\/\/www.europesays.com\/pt\/wp-json\/wp\/v2\/users\/2"}],"replies":[{"embeddable":true,"href":"https:\/\/www.europesays.com\/pt\/wp-json\/wp\/v2\/comments?post=63999"}],"version-history":[{"count":0,"href":"https:\/\/www.europesays.com\/pt\/wp-json\/wp\/v2\/posts\/63999\/revisions"}],"wp:featuredmedia":[{"embeddable":true,"href":"https:\/\/www.europesays.com\/pt\/wp-json\/wp\/v2\/media\/64000"}],"wp:attachment":[{"href":"https:\/\/www.europesays.com\/pt\/wp-json\/wp\/v2\/media?parent=63999"}],"wp:term":[{"taxonomy":"category","embeddable":true,"href":"https:\/\/www.europesays.com\/pt\/wp-json\/wp\/v2\/categories?post=63999"},{"taxonomy":"post_tag","embeddable":true,"href":"https:\/\/www.europesays.com\/pt\/wp-json\/wp\/v2\/tags?post=63999"}],"curies":[{"name":"wp","href":"https:\/\/api.w.org\/{rel}","templated":true}]}}