{"id":64001,"date":"2025-09-09T07:52:40","date_gmt":"2025-09-09T07:52:40","guid":{"rendered":"https:\/\/www.europesays.com\/pt\/64001\/"},"modified":"2025-09-09T07:52:40","modified_gmt":"2025-09-09T07:52:40","slug":"historia-da-irmandade-de-nossa-senhora-das-dores-e-santa-anna-dos-congregados-e-contada-em-livro","status":"publish","type":"post","link":"https:\/\/www.europesays.com\/pt\/64001\/","title":{"rendered":"Hist\u00f3ria da \u201cIrmandade de Nossa Senhora das Dores e Santa Anna dos Congregados\u201d \u00e9 contada em livro"},"content":{"rendered":"<p class=\"p1\">A\u00a0Irmandade de Nossa Senhora das Dores e Santa Anna dos Congregados\u00a0e a reitoria da Bas\u00edlica dos Congregados convidam para o lan\u00e7amento e apresenta\u00e7\u00e3o do livro \u201cIrmandade de Nossa Senhora das Dores e Santa Anna dos Congregados\u201d, da autoria de Alexandra Pereira de Castro, presidente da Irmandade, que tem lugar no pr\u00f3ximo s\u00e1bado, dia 31 de maio, \u00e0s 14h30, na Bas\u00edlica dos Congregados, no centro hist\u00f3rico de Braga.<\/p>\n<p class=\"p1\">A sess\u00e3o conta com a presen\u00e7a de D. Jos\u00e9 Cordeiro, Arcebispo Metropolita de Braga, autor do pref\u00e1cio da obra, e com a apresenta\u00e7\u00e3o a cargo do Pe. Paulo Alexandre Terroso Silva, Reitor da Bas\u00edlica.<\/p>\n<p class=\"p1\">O livro \u201c\u00e9 um verdadeiro tributo de gratid\u00e3o aos irm\u00e3os, vivos e falecidos, que ao longo dos s\u00e9culos constru\u00edram a hist\u00f3ria desta Irmandade. Nele se perpetua a mem\u00f3ria de gera\u00e7\u00f5es que, humildes ou ilustres, unidos pela devo\u00e7\u00e3o a Nossa Senhora das Dores, ajudaram a moldar o tecido espiritual, art\u00edstico e social da cidade de Braga\u201d, destacam os organizadores.\u00a0<\/p>\n<p class=\"p1\">Como escreve a autora, trata-se do \u201cLivro da Gratid\u00e3o. O Livro dos Irm\u00e3os.\u201d A obra faz justi\u00e7a \u00e0 riqueza escondida nos arquivos da Irmandade, trazendo \u00e0 luz documentos, nomes e percursos que, sem este trabalho, permaneceriam no sil\u00eancio dos s\u00e9culos. \u00c9 tamb\u00e9m um contributo valioso para a hist\u00f3ria local, para a sociologia religiosa e para o reconhecimento do papel insubstitu\u00edvel da piedade popular.<\/p>\n<p class=\"p1\">Neste momento em que a Bas\u00edlica dos Congregados foi recentemente integrada nas Rotas do Norte \u2014 nomeadamente na\u00a0Rota \u201cBarroco a Norte\u201d\u00a0e\u00a0Rota \u201c\u00d3rg\u00e3os a Norte\u201d\u00a0\u2014 o livro refor\u00e7a o compromisso da Irmandade com a preserva\u00e7\u00e3o da mem\u00f3ria e com o acolhimento de todos os que a visitam, rezam e participam na sua miss\u00e3o.<\/p>\n<p class=\"p1\">A autora,\u00a0Alexandra Pereira de Castro, tem-se distinguido por uma escrita enraizada e sens\u00edvel, onde\u00a0genealogia, mem\u00f3ria e patrim\u00f3nio\u00a0se entrela\u00e7am com not\u00e1vel rigor e delicadeza. Desde a sua estreia com\u00a0Hist\u00f3ria e Genealogia Familiar \u2013 Fam\u00edlias Convergentes do Visconde de Vila Nova de Famalic\u00e3o\u00a0(2012), passando pelo comovente\u00a0Memorial do Cemit\u00e9rio de Monte d\u2019Arcos de Braga\u00a0(2016), pela evoca\u00e7\u00e3o hist\u00f3rica de\u00a0Jer\u00f3nimo de Sousa Louro e o Monumento de S\u00e3o Frutuoso de Mont\u00e9lios\u00a0(2018), at\u00e9 \u00e0 marcante galeria de\u00a0Grandes Vultos de Braga dos S\u00e9culos XVIII e XIX\u00a0(2019) e \u00e0 \u00edntima e po\u00e9tica reflex\u00e3o de\u00a0Genealogia das Coisas, um Ba\u00fa de Mem\u00f3rias\u00a0(2021), Alexandra Pereira de Castro tem vindo a construir uma obra\u00a0coerente e profundamente humanista, que resgata nomes, hist\u00f3rias e lugares do esquecimento, devolvendo-lhes o seu lugar na mem\u00f3ria coletiva.<\/p>\n<p class=\"p1\">A entrada \u00e9 livre. Todos s\u00e3o bem-vindos a participar nesta celebra\u00e7\u00e3o da f\u00e9, da hist\u00f3ria e da mem\u00f3ria partilhada.<\/p>\n<p class=\"p1\">\u00a0<\/p>\n<p><img loading=\"lazy\" decoding=\"async\" style=\"aspect-ratio:1600\/1520;\" src=\"https:\/\/www.europesays.com\/pt\/wp-content\/uploads\/2025\/09\/capa_livro_congregados.JPG\" width=\"1600\" height=\"1520\"\/><\/p>\n","protected":false},"excerpt":{"rendered":"A\u00a0Irmandade de Nossa Senhora das Dores e Santa Anna dos Congregados\u00a0e a reitoria da Bas\u00edlica dos Congregados convidam&hellip;\n","protected":false},"author":2,"featured_media":64002,"comment_status":"","ping_status":"","sticky":false,"template":"","format":"standard","meta":{"footnotes":""},"categories":[143],"tags":[17702,169,1912,114,115,170,1133,32,33],"class_list":{"0":"post-64001","1":"post","2":"type-post","3":"status-publish","4":"format-standard","5":"has-post-thumbnail","7":"category-livros","8":"tag-arquidiocese","9":"tag-books","10":"tag-braga","11":"tag-entertainment","12":"tag-entretenimento","13":"tag-livros","14":"tag-noticia","15":"tag-portugal","16":"tag-pt"},"share_on_mastodon":{"url":"","error":""},"_links":{"self":[{"href":"https:\/\/www.europesays.com\/pt\/wp-json\/wp\/v2\/posts\/64001","targetHints":{"allow":["GET"]}}],"collection":[{"href":"https:\/\/www.europesays.com\/pt\/wp-json\/wp\/v2\/posts"}],"about":[{"href":"https:\/\/www.europesays.com\/pt\/wp-json\/wp\/v2\/types\/post"}],"author":[{"embeddable":true,"href":"https:\/\/www.europesays.com\/pt\/wp-json\/wp\/v2\/users\/2"}],"replies":[{"embeddable":true,"href":"https:\/\/www.europesays.com\/pt\/wp-json\/wp\/v2\/comments?post=64001"}],"version-history":[{"count":0,"href":"https:\/\/www.europesays.com\/pt\/wp-json\/wp\/v2\/posts\/64001\/revisions"}],"wp:featuredmedia":[{"embeddable":true,"href":"https:\/\/www.europesays.com\/pt\/wp-json\/wp\/v2\/media\/64002"}],"wp:attachment":[{"href":"https:\/\/www.europesays.com\/pt\/wp-json\/wp\/v2\/media?parent=64001"}],"wp:term":[{"taxonomy":"category","embeddable":true,"href":"https:\/\/www.europesays.com\/pt\/wp-json\/wp\/v2\/categories?post=64001"},{"taxonomy":"post_tag","embeddable":true,"href":"https:\/\/www.europesays.com\/pt\/wp-json\/wp\/v2\/tags?post=64001"}],"curies":[{"name":"wp","href":"https:\/\/api.w.org\/{rel}","templated":true}]}}