{"id":64119,"date":"2025-09-09T09:56:08","date_gmt":"2025-09-09T09:56:08","guid":{"rendered":"https:\/\/www.europesays.com\/pt\/64119\/"},"modified":"2025-09-09T09:56:08","modified_gmt":"2025-09-09T09:56:08","slug":"whindersson-nunes-abre-o-jogo-e-revela-detalhes-do-termino-com-luisa-sonza-vitao-foi-pauta-do-ex-casal","status":"publish","type":"post","link":"https:\/\/www.europesays.com\/pt\/64119\/","title":{"rendered":"Whindersson Nunes abre o jogo e revela DETALHES do t\u00e9rmino com Lu\u00edsa Sonza; Vit\u00e3o foi &#8216;pauta&#8217; do ex-casal"},"content":{"rendered":"<p>\n                        O humorista participou do &#8216;De Frente com Blogueirinha&#8217; nesta segunda-feira (8) e n\u00e3o fugiu dos questionamentos da apresentadora!\n                    <\/p>\n<p><img loading=\"lazy\" decoding=\"async\" alt=\"'A confus\u00e3o veio...': Whindersson Nunes abre o jogo e revela DETALHES do t\u00e9rmino com Lu\u00edsa Sonza; Vit\u00e3o foi 'pauta' do ex-casal.\" class=\"img-f7038baffd716adf692a5b49989d783bi8dy3zdv\" height=\"455\" src=\"https:\/\/www.europesays.com\/pt\/wp-content\/uploads\/2025\/09\/915500957-bf59bd1a285f0427-1400x823-2.png\"  title=\"'A confus\u00e3o veio...': Whindersson Nunes abre o jogo e revela DETALHES do t\u00e9rmino com Lu\u00edsa Sonza; Vit\u00e3o foi 'pauta' do ex-casal.\" width=\"774\"\/><\/p>\n<p>&#8216;A confus\u00e3o veio&#8230;&#8217;: Whindersson Nunes abre o jogo e revela DETALHES do t\u00e9rmino com Lu\u00edsa Sonza; Vit\u00e3o foi &#8216;pauta&#8217; do ex-casal.<\/p>\n<p>Foto: Reprodu\u00e7\u00e3o, Instagram \/ Purepeople<\/p>\n<p class=\"text\"><a href=\"https:\/\/www.purepeople.com.br\/famosos\/whindersson-nunes_p549343\" rel=\"nofollow noopener\" target=\"_blank\"><strong>Whindersson Nunes<\/strong><\/a> abriu o cora\u00e7\u00e3o ao falar, <a href=\"https:\/\/www.purepeople.com.br\/noticia\/whindersson-nunes-e-luisa-sonza-humorista-cita-ex-mulher-e-fas-decretam-volta-do-casal_a386097\/1\" rel=\"nofollow noopener\" target=\"_blank\">mais uma vez, sobre o fim de seu casamento com<\/a> <a href=\"https:\/\/www.purepeople.com.br\/famosos\/luisa-sonza_p550039\" rel=\"nofollow noopener\" target=\"_blank\"><strong>Lu\u00edsa Sonza<\/strong><\/a>. O humorista foi <a href=\"https:\/\/www.purepeople.com.br\/noticia\/bruna-marquezine-no-de-frente-com-blogueirinha-fas-especulam-indireta-para-neymar-durante-entrevista_a384375\/1\" rel=\"nofollow noopener\" target=\"_blank\">o convidado do programa &#8220;De Frente com Blogueirinha&#8221;<\/a> nesta segunda-feira (8) e contou que, <a href=\"https:\/\/www.purepeople.com.br\/noticia\/luisa-sonza-e-vitao-terminam-e-web-cita-whindersson-nunes_a324489\/1\" rel=\"nofollow noopener\" target=\"_blank\">apesar das especula\u00e7\u00f5es que circularam \u00e0 \u00e9poca<\/a>, a <a href=\"https:\/\/www.purepeople.com.br\/noticia\/luisa-sonza-fala-de-ataques-a-vitao-na-web-matar-mais-um_a324420\/1\" rel=\"nofollow noopener\" target=\"_blank\">separa\u00e7\u00e3o em 2020 ocorreu de maneira pac\u00edfica.<\/a><\/p>\n<p class=\"text\">Foi a anfitri\u00e3 quem perguntou se ele teve alguma dificuldade para superar o t\u00e9rmino. &#8220;N\u00e3o foi dif\u00edcil, porque a gente terminou tranquilo. A confus\u00e3o veio depois, com as pessoas, mas a gente terminou bem&#8221;, respondeu, sem papas na l\u00edngua.<\/p>\n<p>\n  Whindersson relembra rumores sobre trai\u00e7\u00e3o de <a href=\"https:\/\/www.terra.com.br\/tudo-sobre\/luisa-sonza\" target=\"_self\" rel=\"nofollow noopener\">Lu\u00edsa Sonza<\/a> e Vit\u00e3o\n<\/p>\n<p class=\"text\">O casal anunciou o div\u00f3rcio em abril de 2020, ap\u00f3s dois anos de casamento e quatro de namoro. Na ocasi\u00e3o, afirmaram que a decis\u00e3o foi tomada para n\u00e3o &#8220;estragar&#8221; o passado, descrito por eles como &#8220;quase perfeito&#8221;. O t\u00e9rmino, por\u00e9m, foi cercado de boatos. Internautas levantaram suspeitas de que a cantora teria se envolvido com o cantor <strong>Vit\u00e3o<\/strong> antes da separa\u00e7\u00e3o.<\/p>\n<p class=\"text\">&#8220;Quando deu essa pol\u00eamica do Vit\u00e3o, voc\u00ea tamb\u00e9m n\u00e3o falou nada&#8221;, instigou Blogueirinha. Foi ent\u00e3o que Whindersson foi ainda mais sincero: &#8220;Ah, eu perguntei pra ela [sobre o Vit\u00e3o]. Perguntei se ela gostava dele antes de terminar comigo&#8221;, revelou.<\/p>\n<p class=\"text\">Em seguida, a apresentadora quis saber se ele desconfiava da ex-esposa. &#8220;N\u00e3o. S\u00f3 depois, com a galera comentando&#8230; por causa do clipe [de &#8216;Flores&#8217;, parceria entre Sonza e Vit\u00e3o]. Antes disso, eu nem pensava nisso. [Ela disse] que n\u00e3o, que estava de boa e era s\u00f3 trabalho&#8221;, contou.<\/p>\n<p class=\"text\">Atr\u00e1&#8230;<\/p>\n<p class=\"text\"><a href=\"https:\/\/www.purepeople.com.br\/noticia\/whindersson-nunes-x-luisa-sonza-x-vitao-humorista-no-de-frente-com-blogueirinha-revela-real-motivo-do-termino-e-relembra-rumores-de-traicao_a411285\/1\" rel=\"nofollow noopener\" target=\"_blank\">Veja mais<\/a><\/p>\n<p class=\"text\"><b>Mat\u00e9rias relacionadas<\/b><\/p>\n<p class=\"text\"><a href=\"https:\/\/www.purepeople.com.br\/noticia\/whindersson-nunes-desabafa-sobre-ex-noiva-maria-lina-e-perda-do-filho-joao-miguel_a409947\/1\" rel=\"nofollow noopener\" target=\"_blank\">&#8216;Eu queria ela&#8217;: Whindersson Nunes admite desejo de reatar com a ex-noiva Maria Lina e revela mem\u00f3ria emocionante do filho<\/a><\/p>\n<p class=\"text\"><a href=\"https:\/\/www.purepeople.com.br\/noticia\/aline-patriarca-e-diogo-almeida-do-bbb-25-estao-juntos-ex-sister-abre-o-jogo-sobre-affair-e-explica-bloqueio-em-fasuins-interferirem_a407215\/1\" rel=\"nofollow noopener\" target=\"_blank\">Ex-BBB Aline Patriarca abre o jogo sobre affair com Diogo e revela invas\u00e3o de perfil: &#8216;N\u00e3o vou deixar pessoas ruins interferirem&#8217;<\/a><\/p>\n<p class=\"text\"><a href=\"https:\/\/www.purepeople.com.br\/noticia\/whindersson-nunes-choca-ao-falar-sobre-drogas-em-entrevista-humorista-compara-a-medicamentos-tarja-preta_a409945\/1\" rel=\"nofollow noopener\" target=\"_blank\">&#8216;Muita gente usa&#8217;: Whindersson Nunes abre o jogo sobre uso de drogas no meio art\u00edstico e critica banaliza\u00e7\u00e3o de medicamentos perigosos<\/a><\/p>\n<p class=\"text\"><a href=\"https:\/\/www.purepeople.com.br\/noticia\/bruna-marquezine-e-joao-guilherme-terminaram-de-maneira-polemica-e-detalhe-do-reencontro-e-revelado-saiba-qual_a407173\/1\" rel=\"nofollow noopener\" target=\"_blank\">Bruna Marquezine e Jo\u00e3o Guilherme: revelado importante detalhe do reencontro do ex-casal ap\u00f3s separa\u00e7\u00e3o conturbada<\/a><\/p>\n<p class=\"text\"><a href=\"https:\/\/www.purepeople.com.br\/noticia\/ex-sogra-de-virginia-fonseca-e-mae-de-ze-felipe-poliana-rocha-se-manifesta-apos-curtida-polemica-sobre-ex-nora-esposa-de-leonardo-nega-climao_a410848\/1\" rel=\"nofollow noopener\" target=\"_blank\">&#8216;Curto mesmo&#8217;: ap\u00f3s ser acusada de &#8216;alfinetar&#8217; Virg\u00ednia, Poliana Rocha abre o jogo e revela REAL rela\u00e7\u00e3o com a ex-nora<\/a><\/p>\n","protected":false},"excerpt":{"rendered":"O humorista participou do &#8216;De Frente com Blogueirinha&#8217; nesta segunda-feira (8) e n\u00e3o fugiu dos questionamentos da apresentadora!&hellip;\n","protected":false},"author":2,"featured_media":64120,"comment_status":"","ping_status":"","sticky":false,"template":"","format":"standard","meta":{"footnotes":""},"categories":[145],"tags":[211,210,114,115,32,33],"class_list":{"0":"post-64119","1":"post","2":"type-post","3":"status-publish","4":"format-standard","5":"has-post-thumbnail","7":"category-celebridades","8":"tag-celebridades","9":"tag-celebrities","10":"tag-entertainment","11":"tag-entretenimento","12":"tag-portugal","13":"tag-pt"},"share_on_mastodon":{"url":"","error":""},"_links":{"self":[{"href":"https:\/\/www.europesays.com\/pt\/wp-json\/wp\/v2\/posts\/64119","targetHints":{"allow":["GET"]}}],"collection":[{"href":"https:\/\/www.europesays.com\/pt\/wp-json\/wp\/v2\/posts"}],"about":[{"href":"https:\/\/www.europesays.com\/pt\/wp-json\/wp\/v2\/types\/post"}],"author":[{"embeddable":true,"href":"https:\/\/www.europesays.com\/pt\/wp-json\/wp\/v2\/users\/2"}],"replies":[{"embeddable":true,"href":"https:\/\/www.europesays.com\/pt\/wp-json\/wp\/v2\/comments?post=64119"}],"version-history":[{"count":0,"href":"https:\/\/www.europesays.com\/pt\/wp-json\/wp\/v2\/posts\/64119\/revisions"}],"wp:featuredmedia":[{"embeddable":true,"href":"https:\/\/www.europesays.com\/pt\/wp-json\/wp\/v2\/media\/64120"}],"wp:attachment":[{"href":"https:\/\/www.europesays.com\/pt\/wp-json\/wp\/v2\/media?parent=64119"}],"wp:term":[{"taxonomy":"category","embeddable":true,"href":"https:\/\/www.europesays.com\/pt\/wp-json\/wp\/v2\/categories?post=64119"},{"taxonomy":"post_tag","embeddable":true,"href":"https:\/\/www.europesays.com\/pt\/wp-json\/wp\/v2\/tags?post=64119"}],"curies":[{"name":"wp","href":"https:\/\/api.w.org\/{rel}","templated":true}]}}