{"id":64139,"date":"2025-09-09T10:10:12","date_gmt":"2025-09-09T10:10:12","guid":{"rendered":"https:\/\/www.europesays.com\/pt\/64139\/"},"modified":"2025-09-09T10:10:12","modified_gmt":"2025-09-09T10:10:12","slug":"critica-de-luana-piovani-expoe-luxo-e-falta-de-recursos-em-noronha","status":"publish","type":"post","link":"https:\/\/www.europesays.com\/pt\/64139\/","title":{"rendered":"Cr\u00edtica de Luana Piovani exp\u00f5e luxo e falta de recursos em Noronha"},"content":{"rendered":"<p>\n                        Atriz denuncia altos custos e falta de recursos b\u00e1sicos na ilha, aponta contradi\u00e7\u00f5es no uso da \u00e1gua e questiona luxo excessivo\n                    <\/p>\n<p>\n                                                                                                                                                                                                                            8 set<br \/>\n                                    2025<br \/>\n                                     &#8211; 20h02\n                                <\/p>\n<p>\n                                                                                                            (atualizado \u00e0s 23h12)\n                                                                    <\/p>\n<p>\n                        <b style=\"margin-bottom: 8px; display: inline-block;\">Resumo<\/b><br \/>Luana Piovani criticou a precariedade de recursos em Fernando de Noronha, questionou o contraste entre luxo tur\u00edstico e dificuldades locais e alfinetou Bruno Gagliasso e Giovanna Ewbank, donos de pousadas na ilha.\n                    <\/p>\n<p>Luana Piovani denuncia m\u00e1s condi\u00e7\u00f5es em Fernando de Noronha e alfineta Bruno Gagliasso:<\/p>\n<p><img alt=\"\" decoding=\"async\" height=\"364\" loading=\"lazy\" src=\"https:\/\/www.europesays.com\/pt\/wp-content\/uploads\/2025\/09\/1757412609_661_luapio2-t8cep52pue75.jpg\" width=\"648\"\/><\/p>\n<p class=\"text\">A atriz <a href=\"https:\/\/www.terra.com.br\/diversao\/tv\/a-fazenda\/luana-piovani-e-convidada-para-a-fazenda-e-da-resposta-inedita,215846f06c108195a44061715a344be8xgrvaew4.html\" rel=\"nofollow noopener\" target=\"_blank\">Luana Piovani<\/a>\u00a0 usou as redes sociais nesta segunda-feira, 8, para criticar a realidade enfrentada por moradores de <a href=\"https:\/\/www.terra.com.br\/vida-e-estilo\/turismo\/fernando-de-noronha-volta-a-receber-avioes-a-jato,5f3bc33cef001cab40c37ba06ddfcb194hze38gf.html\" rel=\"nofollow noopener\" target=\"_blank\">Fernando de Noronha<\/a>.\u00a0Durante uma s\u00e9rie de publica\u00e7\u00f5es, Luana denunciou a falta de recursos b\u00e1sicos na ilha, um conhecido destino tur\u00edstico de &#8216;luxo&#8217; no Brasil, e apontou contradi\u00e7\u00f5es entre o discurso de consumo consciente e o luxo oferecido em pousadas locais. O desabafo acabou envolvendo os atores Bruno Gagliasso e Giovanna Ewbank, donos de pousadas na regi\u00e3o.<\/p>\n<blockquote>\n<\/blockquote>\n<p class=\"text\">Segundo Piovani, que ficar\u00e1 na ilha at\u00e9 sexta-feira, 12, os moradores convivem com pre\u00e7os elevados e dificuldades para garantir necessidades b\u00e1sicas. &#8220;As pessoas aqui em Noronha pagam os pre\u00e7os dos turistas para todas as coisas da ilha. O fen\u00f4meno de Noronha \u00e9 uma ilha que n\u00e3o te oferece recursos de sobreviv\u00eancia, como, por exemplo, a \u00e1gua doce. \u00c9 um lugar maravilhoso, \u00e9 um para\u00edso, mas quase tudo tem que vir do continente&#8221;, disse.<\/p>\n<p><img loading=\"lazy\" decoding=\"async\" alt=\"Atriz afirma que conhece a ilha h\u00e1 mais de 30 anos e viu sua transforma\u00e7\u00e3o\" class=\"img-4b2f2e1e9d33dffe5c25b42470a3fa00slnqac3f\" height=\"489\" src=\"https:\/\/www.europesays.com\/pt\/wp-content\/uploads\/2025\/09\/piovani-rh7scltqxnw7.jpg\"  title=\"Atriz afirma que conhece a ilha h\u00e1 mais de 30 anos e viu sua transforma\u00e7\u00e3o\" width=\"774\"\/><\/p>\n<p>Atriz afirma que conhece a ilha h\u00e1 mais de 30 anos e viu sua transforma\u00e7\u00e3o<\/p>\n<p>Foto: Reprodu\u00e7\u00e3o\/@luapio\/Instagram<\/p>\n<p class=\"text\">A atriz ressaltou a discrep\u00e2ncia entre a escassez de \u00e1gua para alguns e os servi\u00e7os de alto padr\u00e3o para outros. Segunda Luana, ao entrar em uma pousada da ilha, \u00e9 comum encontrar placas pedindo que se economize \u00e1gua. &#8220;E a\u00ed o que voc\u00ea descobre? Que tem pousada aqui que tem jacuzzi. E a\u00ed a pessoa fala, &#8216;mas como assim, t\u00e1 falando que n\u00e3o tem \u00e1gua e tem uma jacuzzi na ilha?'&#8221;, questionou.<\/p>\n<p class=\"text\">Piovani apontou que o cen\u00e1rio se explica pela concentra\u00e7\u00e3o de riqueza e investimentos em m\u00e3os de empres\u00e1rios de fora, de locais como o Rio de Janeiro, S\u00e3o Paulo, Recife ou Bras\u00edlia. &#8220;Por exemplo, ontem eu tava no porto e eu vi um navio chegando carregado com o qu\u00ea? \u00c1gua? N\u00e3o. Sacos de areia. Adivinha para qu\u00ea? Para fazer constru\u00e7\u00f5es&#8221;.<\/p>\n<p class=\"text\">A atriz apontou que os moradores de Noronha acumulam reclama\u00e7\u00f5es sobre as condi\u00e7\u00f5es de se morar na ilha. &#8220;Eles est\u00e3o at\u00e9 aqui [cheios] de hist\u00f3rias e reclama\u00e7\u00f5es para fazer porque \u00e9 uma vida s\u00f3, quase, de desrespeitos&#8221;.<\/p>\n<p class=\"text\">Na legenda, Piovani refor\u00e7ou: &#8220;A ilha est\u00e1 ca\u00f3tica. Racionamento de \u00e1gua para morador, falta de ar condicionado na \u00fanica escola. N\u00e3o h\u00e1 preocupa\u00e7\u00e3o com a sa\u00fade mental e zero estrutura para as m\u00e3es at\u00edpicas&#8221;.<\/p>\n<p class=\"text\">Nos coment\u00e1rios de sua publica\u00e7\u00e3o, uma internauta marcou o casal <a href=\"https:\/\/www.terra.com.br\/diversao\/gente\/fernanda-paes-leme-comenta-afastamento-de-gio-ewbank-e-bruno-gagliasso-nao-tem-magoa,b301699cb4ce8bb2431f8a53dcdd8d5eknxind4p.html\" rel=\"nofollow noopener\" target=\"_blank\">Bruno Gagliasso e Giovanna Ewbank<\/a>, perguntando de forma ir\u00f4nica onde estariam os &#8220;defensores da ilha&#8221;. Luana respondeu com uma alfinetada: &#8220;Cad\u00ea? Eles t\u00eam pousada aqui, \u00e9?&#8221;<\/p>\n<blockquote class=\"instagram-media\" data-instgrm-permalink=\"https:\/\/www.instagram.com\/reel\/DOVjL-pjlp9\/?utm_source=ig_embed&amp;utm_campaign=loading\" data-instgrm-version=\"14\" style=\" background:#FFF; border:0; border-radius:3px; box-shadow:0 0 1px 0 rgba(0,0,0,0.5),0 1px 10px 0 rgba(0,0,0,0.15); margin: 1px; max-width:540px; min-width:326px; padding:0; width:99.375%; width:-webkit-calc(100% - 2px); width:calc(100% - 2px);\">\n<\/blockquote>\n<p>                            <script async src=\"\/\/www.instagram.com\/embed.js\"><\/script><\/p>\n","protected":false},"excerpt":{"rendered":"Atriz denuncia altos custos e falta de recursos b\u00e1sicos na ilha, aponta contradi\u00e7\u00f5es no uso da \u00e1gua e&hellip;\n","protected":false},"author":2,"featured_media":64140,"comment_status":"","ping_status":"","sticky":false,"template":"","format":"standard","meta":{"footnotes":""},"categories":[145],"tags":[211,210,114,115,32,33],"class_list":{"0":"post-64139","1":"post","2":"type-post","3":"status-publish","4":"format-standard","5":"has-post-thumbnail","7":"category-celebridades","8":"tag-celebridades","9":"tag-celebrities","10":"tag-entertainment","11":"tag-entretenimento","12":"tag-portugal","13":"tag-pt"},"share_on_mastodon":{"url":"","error":""},"_links":{"self":[{"href":"https:\/\/www.europesays.com\/pt\/wp-json\/wp\/v2\/posts\/64139","targetHints":{"allow":["GET"]}}],"collection":[{"href":"https:\/\/www.europesays.com\/pt\/wp-json\/wp\/v2\/posts"}],"about":[{"href":"https:\/\/www.europesays.com\/pt\/wp-json\/wp\/v2\/types\/post"}],"author":[{"embeddable":true,"href":"https:\/\/www.europesays.com\/pt\/wp-json\/wp\/v2\/users\/2"}],"replies":[{"embeddable":true,"href":"https:\/\/www.europesays.com\/pt\/wp-json\/wp\/v2\/comments?post=64139"}],"version-history":[{"count":0,"href":"https:\/\/www.europesays.com\/pt\/wp-json\/wp\/v2\/posts\/64139\/revisions"}],"wp:featuredmedia":[{"embeddable":true,"href":"https:\/\/www.europesays.com\/pt\/wp-json\/wp\/v2\/media\/64140"}],"wp:attachment":[{"href":"https:\/\/www.europesays.com\/pt\/wp-json\/wp\/v2\/media?parent=64139"}],"wp:term":[{"taxonomy":"category","embeddable":true,"href":"https:\/\/www.europesays.com\/pt\/wp-json\/wp\/v2\/categories?post=64139"},{"taxonomy":"post_tag","embeddable":true,"href":"https:\/\/www.europesays.com\/pt\/wp-json\/wp\/v2\/tags?post=64139"}],"curies":[{"name":"wp","href":"https:\/\/api.w.org\/{rel}","templated":true}]}}