{"id":64316,"date":"2025-09-09T12:28:15","date_gmt":"2025-09-09T12:28:15","guid":{"rendered":"https:\/\/www.europesays.com\/pt\/64316\/"},"modified":"2025-09-09T12:28:15","modified_gmt":"2025-09-09T12:28:15","slug":"toy-story-retorna-aos-cinemas-para-celebrar-30-anos-de-lancamento","status":"publish","type":"post","link":"https:\/\/www.europesays.com\/pt\/64316\/","title":{"rendered":"Toy Story retorna aos cinemas para celebrar 30 anos de lan\u00e7amento"},"content":{"rendered":"<p>\t\t\t\t\t\t                                Toy Story: por tempo limitado na tela grande\u00a0(Pixar\/Divulga\u00e7\u00e3o)<\/p>\n<p>                                    Continua ap\u00f3s publicidade<\/p>\n<p>H\u00e1 30 anos, Woody, um boneco de madeira simp\u00e1tico e brinquedo preferido do menino Andy, ganhava um rival de peso: o patrulheiro espacial Buzz Lightyear, que logo rouba a aten\u00e7\u00e3o do garoto.<\/p>\n<p>Morto de ci\u00fames, o cowboy derruba o advers\u00e1rio pela janela ao tentar escond\u00ea-lo atr\u00e1s da cama. Ele, ent\u00e3o, precisa reunir os demais brinquedos para resgat\u00e1-lo em <strong>Toy Story<\/strong>, primeira anima\u00e7\u00e3o totalmente feita por computa\u00e7\u00e3o gr\u00e1fica.<\/p>\n<p><a href=\"https:\/\/assine.abril.com.br\/?redirect=abrilcom\" target=\"_blank\" rel=\"noopener nofollow\">+ Para receber VEJA RIO em casa, clique aqui<\/a><\/p>\n<p>Precursora entre os longas-metragens da Pixar, a produ\u00e7\u00e3o volta aos cinemas para celebrar as tr\u00eas d\u00e9cadas de sucesso. O retorno abre caminho para o quinto filme da franquia, previsto para julho do ano que vem. Estreia nos cinemas na qui. (11).<\/p>\n<p>\u00a0<\/p>\n<p>Compartilhe essa mat\u00e9ria via:<\/p>\n<p>\n                            Receba gratuitamente as melhores dicas de programa\u00e7\u00e3o cultural no Rio.<br \/>\n                                <strong><br \/>\n                                    Inscreva-se aqui<br \/>\n                                <\/strong>para receber a nossa newsletter<\/p>\n<p>                            Cadastro efetuado com sucesso!<\/p>\n<p>Voc\u00ea receber\u00e1 nossas newsletters pela manh\u00e3 de segunda a sexta-feira.<\/p>\n","protected":false},"excerpt":{"rendered":"Toy Story: por tempo limitado na tela grande\u00a0(Pixar\/Divulga\u00e7\u00e3o) Continua ap\u00f3s publicidade H\u00e1 30 anos, Woody, um boneco de&hellip;\n","protected":false},"author":2,"featured_media":64317,"comment_status":"","ping_status":"","sticky":false,"template":"","format":"standard","meta":{"footnotes":""},"categories":[140],"tags":[114,115,147,148,146,32,33],"class_list":{"0":"post-64316","1":"post","2":"type-post","3":"status-publish","4":"format-standard","5":"has-post-thumbnail","7":"category-filmes","8":"tag-entertainment","9":"tag-entretenimento","10":"tag-film","11":"tag-filmes","12":"tag-movies","13":"tag-portugal","14":"tag-pt"},"share_on_mastodon":{"url":"","error":""},"_links":{"self":[{"href":"https:\/\/www.europesays.com\/pt\/wp-json\/wp\/v2\/posts\/64316","targetHints":{"allow":["GET"]}}],"collection":[{"href":"https:\/\/www.europesays.com\/pt\/wp-json\/wp\/v2\/posts"}],"about":[{"href":"https:\/\/www.europesays.com\/pt\/wp-json\/wp\/v2\/types\/post"}],"author":[{"embeddable":true,"href":"https:\/\/www.europesays.com\/pt\/wp-json\/wp\/v2\/users\/2"}],"replies":[{"embeddable":true,"href":"https:\/\/www.europesays.com\/pt\/wp-json\/wp\/v2\/comments?post=64316"}],"version-history":[{"count":0,"href":"https:\/\/www.europesays.com\/pt\/wp-json\/wp\/v2\/posts\/64316\/revisions"}],"wp:featuredmedia":[{"embeddable":true,"href":"https:\/\/www.europesays.com\/pt\/wp-json\/wp\/v2\/media\/64317"}],"wp:attachment":[{"href":"https:\/\/www.europesays.com\/pt\/wp-json\/wp\/v2\/media?parent=64316"}],"wp:term":[{"taxonomy":"category","embeddable":true,"href":"https:\/\/www.europesays.com\/pt\/wp-json\/wp\/v2\/categories?post=64316"},{"taxonomy":"post_tag","embeddable":true,"href":"https:\/\/www.europesays.com\/pt\/wp-json\/wp\/v2\/tags?post=64316"}],"curies":[{"name":"wp","href":"https:\/\/api.w.org\/{rel}","templated":true}]}}