{"id":64395,"date":"2025-09-09T13:38:17","date_gmt":"2025-09-09T13:38:17","guid":{"rendered":"https:\/\/www.europesays.com\/pt\/64395\/"},"modified":"2025-09-09T13:38:17","modified_gmt":"2025-09-09T13:38:17","slug":"montenegro-foi-a-china-falou-da-ucrania-e-algo-estranho-aconteceu","status":"publish","type":"post","link":"https:\/\/www.europesays.com\/pt\/64395\/","title":{"rendered":"Montenegro foi \u00e0 China, falou da Ucr\u00e2nia e algo estranho aconteceu\u2026"},"content":{"rendered":"<p class=\"wp-caption-text top\">ANT\u00d3NIO COTRIM \/ LUSA<\/p>\n<p><img decoding=\"async\" loading=\"lazy\" class=\"size-kopa-image-size-3 wp-image-699536\" src=\"https:\/\/www.europesays.com\/pt\/wp-content\/uploads\/2025\/09\/84caecf160d2275d0400d21521e63d13-783x450.jpg\" alt=\"\" width=\"700\" height=\"402\"  \/><\/p>\n<p class=\"wp-caption-text bot\">O primeiro-ministro, Lu\u00eds Montenegro, durante o encontro, com o Presidente da Rep\u00fablica Popular da China, Xi Jinping<\/p>\n<p><strong>N\u00e3o se sabe ainda muito bem porqu\u00ea, mas, quando Lu\u00eds Montenegro mencionou a palavra \u201cUcr\u00e2nia\u201d, durante o encontro com Xi Jinping, os microfones chineses foram imediatamente desligados; e foi pedido aos jornalistas que sa\u00edssem da sala.<\/strong><\/p>\n<p>O primeiro-ministro portugu\u00eas afirmava, perante o Presidente da Rep\u00fablica Popular da China, que conta com a sua rela\u00e7\u00e3o pr\u00f3xima com a R\u00fassia para que seja poss\u00edvel <strong>\u201cconstruir uma paz justa e duradoura\u201d na Ucr\u00e2nia<\/strong>.<\/p>\n<p><strong>Lu\u00eds Montenegro<\/strong> fez estas declara\u00e7\u00f5es no in\u00edcio do encontro com Xi Jinping, no seu primeiro dia de visita oficial \u00e0 China. Mas os <strong>jornalistas s\u00f3 puderam gravar os primeiros tr\u00eas minutos da conversa<\/strong>.<\/p>\n<p>\u201cN\u00e3o posso deixar de, em nome do Governo de Portugal, transmitir ao Sr. Presidente que contamos muito com o vosso contributo e a rela\u00e7\u00e3o pr\u00f3xima que a China mant\u00e9m com a Federa\u00e7\u00e3o Russa para podermos, o mais r\u00e1pido que seja poss\u00edvel, construir uma paz justa e duradoura na <strong>Ucr\u00e2nia<\/strong>\u201c, afirmou.<\/p>\n<p>Coincid\u00eancia ou n\u00e3o, segundo o relato da <a href=\"https:\/\/www.rtp.pt\/noticias\/noticiario-antena1\/8h-luis-montenegro-encontra-se-com-xi-jinping_a1_1682251\" data-wpel-link=\"external\" target=\"_blank\" rel=\"nofollow external noopener noreferrer\" class=\"ext-link\">Antena 1<\/a>, foi neste preciso momento, quando Montenegro<strong> mencionou a palavra \u201cUcr\u00e2nia\u201d<\/strong>, que os <strong>microfones dos jornalistas chineses se desligaram<\/strong>; tendo sido depois <strong>pedido \u00e0 comunica\u00e7\u00e3o social que abandonasse a sala<\/strong>.<\/p>\n<p>J\u00e1 depois deste momento, em declara\u00e7\u00f5es aos jornalistas, o primeiro-ministro portugu\u00eas <strong>manifestou-se confiante de que o apelo<\/strong> que dirigiu ao presidente da China para utilizar a rela\u00e7\u00e3o pr\u00f3xima com a R\u00fassia a favor da paz na Ucr\u00e2nia <strong>\u201cn\u00e3o\u00a0cair\u00e1 em saco roto\u201d<\/strong>. Mas alertou que n\u00e3o pode falar por ele.<\/p>\n<p>Lu\u00eds Montenegro foi questionado pelos jornalistas sobre que eco teve de Xi Jinping, depois de ter dito que contava com o contributo deste pa\u00eds para se \u201cconstruir uma paz justa e duradoura na Ucr\u00e2nia\u201d.<\/p>\n<p>\u201cEu creio que o apelo, vindo de um pa\u00eds amigo, vindo de um pa\u00eds da Uni\u00e3o Europeia, vindo de um pa\u00eds, como o Sr. presidente Xi Jinping enfatizou tamb\u00e9m, que tem uma identidade de valores e de percurso, n\u00e3o cair\u00e1 em saco roto\u201d, afirmou.<\/p>\n<p>Dizendo <strong>n\u00e3o poder responder pelo presidente da Rep\u00fablica Popular da China<\/strong>, Montenegro manifestou-se convicto de que Portugal tem feito o que lhe \u00e9 exigido quanto a este conflito.<\/p>\n<p>\u201cA minha convic\u00e7\u00e3o \u00e9 que, \u00e0 nossa dimens\u00e3o e sem nenhum tipo de pretensiosismo, n\u00f3s fazemos aquilo que se exige a uma na\u00e7\u00e3o com a hist\u00f3ria e com a respeitabilidade internacional que Portugal tem. N\u00f3s somos construtores de pontes, n\u00f3s somos protagonistas da aproxima\u00e7\u00e3o entre povos, n\u00f3s somos defensores da paz, defensores dos valores, do respeito pelos direitos das pessoas\u201d, sublinhou.<\/p>\n<p>Montenegro aterrou em Pequim ao in\u00edcio da tarde de segunda-feira, num momento fechado \u00e0 comunica\u00e7\u00e3o social. N\u00e3o teve qualquer agenda p\u00fablica nesse dia.<\/p>\n<p>A agenda oficial do primeiro-ministro come\u00e7ou na manh\u00e3 desta segunda-feira com uma cerim\u00f3nia de deposi\u00e7\u00e3o de uma coroa de flores no monumento aos Her\u00f3is do Povo, na Pra\u00e7a Tiananmen, em que esteve acompanhado pela mulher e pelos tr\u00eas ministros que integram esta visita: <strong>Paulo Rangel<\/strong>, ministro de Estado e dos Neg\u00f3cios Estrangeiros, <strong>Manuel Castro Almeida<\/strong>, ministro da Economia e da Coes\u00e3o Territorial, e <strong>Gra\u00e7a Carvalho<\/strong>, ministra do Ambiente e Energia.<\/p>\n<p>Neste ponto, que apenas p\u00f4de ser acompanhado no local por um fotojornalista e um rep\u00f3rter de imagem, foram tocados os hinos de Portugal e da China.<\/p>\n<p>Al\u00e9m do encontro com Xi Jinping , Lu\u00eds Montenegro reuniu-se antes com o presidente da Assembleia Popular Nacional da China, <strong>Zhao Leji<\/strong>.<\/p>\n<p>Ao final da tarde, o chefe do Governo portugu\u00eas ter\u00e1 um encontro de trabalho com o hom\u00f3logo chin\u00eas,<strong> Li Qiang<\/strong>, tamb\u00e9m no Grande Pal\u00e1cio do Povo, seguindo depois para a Regi\u00e3o Administrativa Especial de Macau (RAEM), onde tem agenda na manh\u00e3 de quarta-feira.<\/p>\n<p>Na quinta e sexta-feira, Montenegro far\u00e1 uma visita oficial ao Jap\u00e3o, com passagens por T\u00f3quio e Osaka.<\/p>\n<p>    <a href=\"https:\/\/zap.aeiou.pt\/subscrever-newsletter\" data-wpel-link=\"internal\" rel=\"nofollow noopener\" target=\"_blank\">&#13;<br \/>\n        <img loading=\"lazy\" decoding=\"async\" class=\"aligncenter size-full wp-image-575475\" src=\"https:\/\/www.europesays.com\/pt\/wp-content\/uploads\/2025\/09\/2d51fe4a0ba54894421ead1809309ed9-1-450x140.jpg\" alt=\"Subscreva a Newsletter ZAP\" width=\"450\" height=\"140\"\/>&#13;<br \/>\n    <\/a><\/p>\n<p>                <a href=\"https:\/\/whatsapp.com\/channel\/0029VaIC4EE2f3EJZPPSbR34\" data-wpel-link=\"external\" target=\"_blank\" rel=\"nofollow external noopener noreferrer\" class=\"ext-link\">&#13;<br \/>\n                    <img loading=\"lazy\" decoding=\"async\" class=\"aligncenter size-full wp-image-575475\" src=\"https:\/\/www.europesays.com\/pt\/wp-content\/uploads\/2025\/09\/c68c559d956d4ca20f435ed74a6e71e6.png\" alt=\"Siga-nos no WhatsApp\" width=\"175\" height=\"64\"\/>&#13;<br \/>\n                <\/a><\/p>\n<p>                <a href=\"https:\/\/news.google.com\/publications\/CAAiEHRwZondIV71PDjWNoqMduEqFAgKIhB0cGaJ3SFe9Tw41jaKjHbh?hl=en-US&amp;gl=US&amp;ceid=US%3Aen\" data-wpel-link=\"external\" target=\"_blank\" rel=\"nofollow external noopener noreferrer\" class=\"ext-link\">&#13;<br \/>\n                    <img loading=\"lazy\" decoding=\"async\" class=\"aligncenter size-full wp-image-575475\" src=\"https:\/\/www.europesays.com\/pt\/wp-content\/uploads\/2025\/09\/5123dd8b087b644fdb8f8603acd1bad4.png\" alt=\"Siga-nos no Google News\" width=\"176\" height=\"64\"\/>&#13;<br \/>\n                <\/a><\/p>\n","protected":false},"excerpt":{"rendered":"ANT\u00d3NIO COTRIM \/ LUSA O primeiro-ministro, Lu\u00eds Montenegro, durante o encontro, com o Presidente da Rep\u00fablica Popular da&hellip;\n","protected":false},"author":2,"featured_media":64396,"comment_status":"","ping_status":"","sticky":false,"template":"","format":"standard","meta":{"footnotes":""},"categories":[8],"tags":[27,28,269,358,637,15,16,830,14,25,26,1447,21,22,12,13,19,20,32,23,24,33,839,17,18,840,29,30,31,7719],"class_list":{"0":"post-64395","1":"post","2":"type-post","3":"status-publish","4":"format-standard","5":"has-post-thumbnail","7":"category-principais-noticias","8":"tag-breaking-news","9":"tag-breakingnews","10":"tag-capa","11":"tag-china","12":"tag-diplomacia","13":"tag-featured-news","14":"tag-featurednews","15":"tag-guerra","16":"tag-headlines","17":"tag-latest-news","18":"tag-latestnews","19":"tag-luis-montenegro","20":"tag-main-news","21":"tag-mainnews","22":"tag-news","23":"tag-noticias","24":"tag-noticias-principais","25":"tag-noticiasprincipais","26":"tag-portugal","27":"tag-principais-noticias","28":"tag-principaisnoticias","29":"tag-pt","30":"tag-russia","31":"tag-top-stories","32":"tag-topstories","33":"tag-ucrania","34":"tag-ultimas","35":"tag-ultimas-noticias","36":"tag-ultimasnoticias","37":"tag-xi-jinping"},"share_on_mastodon":{"url":"","error":""},"_links":{"self":[{"href":"https:\/\/www.europesays.com\/pt\/wp-json\/wp\/v2\/posts\/64395","targetHints":{"allow":["GET"]}}],"collection":[{"href":"https:\/\/www.europesays.com\/pt\/wp-json\/wp\/v2\/posts"}],"about":[{"href":"https:\/\/www.europesays.com\/pt\/wp-json\/wp\/v2\/types\/post"}],"author":[{"embeddable":true,"href":"https:\/\/www.europesays.com\/pt\/wp-json\/wp\/v2\/users\/2"}],"replies":[{"embeddable":true,"href":"https:\/\/www.europesays.com\/pt\/wp-json\/wp\/v2\/comments?post=64395"}],"version-history":[{"count":0,"href":"https:\/\/www.europesays.com\/pt\/wp-json\/wp\/v2\/posts\/64395\/revisions"}],"wp:featuredmedia":[{"embeddable":true,"href":"https:\/\/www.europesays.com\/pt\/wp-json\/wp\/v2\/media\/64396"}],"wp:attachment":[{"href":"https:\/\/www.europesays.com\/pt\/wp-json\/wp\/v2\/media?parent=64395"}],"wp:term":[{"taxonomy":"category","embeddable":true,"href":"https:\/\/www.europesays.com\/pt\/wp-json\/wp\/v2\/categories?post=64395"},{"taxonomy":"post_tag","embeddable":true,"href":"https:\/\/www.europesays.com\/pt\/wp-json\/wp\/v2\/tags?post=64395"}],"curies":[{"name":"wp","href":"https:\/\/api.w.org\/{rel}","templated":true}]}}