{"id":64399,"date":"2025-09-09T13:40:14","date_gmt":"2025-09-09T13:40:14","guid":{"rendered":"https:\/\/www.europesays.com\/pt\/64399\/"},"modified":"2025-09-09T13:40:14","modified_gmt":"2025-09-09T13:40:14","slug":"conheca-o-predio-na-arabia-saudita-de-r-26-trilhoes-que-abrigara-9-milhoes-de-pessoas","status":"publish","type":"post","link":"https:\/\/www.europesays.com\/pt\/64399\/","title":{"rendered":"Conhe\u00e7a o pr\u00e9dio na Ar\u00e1bia Saudita de R$ 2,6 trilh\u00f5es que abrigar\u00e1 9 milh\u00f5es de pessoas"},"content":{"rendered":"\n<p>A Ar\u00e1bia Saudita est\u00e1 erguendo um dos projetos mais ousados j\u00e1 concebidos no planeta. Trata-se, segundo o canal de not\u00edcias americano CNBC, de um arranha-c\u00e9u linear de 170 km de extens\u00e3o, capaz de abrigar at\u00e9 9 milh\u00f5es de habitantes. Batizado de The Line, o empreendimento integra o megacomplexo futurista NEOM, que pretende transformar a regi\u00e3o des\u00e9rtica em um polo de inova\u00e7\u00e3o, turismo e tecnologia.<\/p>\n<p>Idealizado pelo pr\u00edncipe herdeiro Mohammed bin Salman, o projeto foi anunciado em 2017 e detalhado em 2022. Com um custo estimado entre US$ 500 bilh\u00f5es e US$ 1 trilh\u00e3o (o equivalente a R$ 2,6 a R$ 5,2 trilh\u00f5es de acordo com a atual cota\u00e7\u00e3o do d\u00f3lar), o The Line \u00e9 descrito pelo l\u00edder saudita como a sua &#8220;pir\u00e2mide&#8221;.<\/p>\n<p><img decoding=\"async\" alt=\"\" height=\"601\" loading=\"lazy\" src=\"https:\/\/www.europesays.com\/pt\/wp-content\/uploads\/2025\/09\/1757425214_35_the-line-neom-reproducao-neom.jpg\" width=\"800\"\/><\/p>\n<p><strong>Cidade em linha reta<\/strong><\/p>\n<p class=\"content-text__container\" data-mrf-recirculation=\"Article links\" data-track-category=\"Link no Texto\" data-track-links=\"\">A estrutura impressiona pelos n\u00fameros: ser\u00e3o 500 metros de altura, 200 metros de largura e 170 km de comprimento, formada por duas torres paralelas revestidas de espelhos e conectadas por passarelas. O comprimento \u00e9 t\u00e3o grande que os arquitetos precisaram considerar a pr\u00f3pria curvatura da Terra no planejamento.<\/p>\n<p class=\"content-text__container\" data-mrf-recirculation=\"Article links\" data-track-category=\"Link no Texto\" data-track-links=\"\">O projeto prev\u00ea comunidades verticais sobrepostas, com bairros interligados, \u00e1reas de lazer, com\u00e9rcio e moradia organizados de forma a reduzir a ocupa\u00e7\u00e3o do solo. Segundo os respons\u00e1veis, todo o complexo ser\u00e1 abastecido por energia 100% renov\u00e1vel, com pegada neutra de carbono.<\/p>\n<p data-mrf-recirculation=\"Article links\" data-track-category=\"Link no Texto\" data-track-links=\"\"><strong>Tecnologia e sustentabilidade no cotidiano<\/strong><\/p>\n<p>No dia a dia, os moradores ter\u00e3o acesso a servi\u00e7os operados por rob\u00f4s e intelig\u00eancia artificial, al\u00e9m de fazendas verticais, resorts futuristas e at\u00e9 arenas de entretenimento tecnol\u00f3gico. Carros n\u00e3o ser\u00e3o permitidos: a mobilidade ser\u00e1 garantida por um trem de alta velocidade, capaz de percorrer toda a extens\u00e3o do edif\u00edcio em apenas 20 minutos. A proposta \u00e9 que todos os servi\u00e7os essenciais fiquem a cinco minutos de caminhada.<\/p>\n<p><strong>Entre inova\u00e7\u00e3o e pol\u00eamicas<\/strong><\/p>\n<p>De acordo com a CNBC, as obras j\u00e1 come\u00e7aram, financiadas pelo governo saudita, e a previs\u00e3o oficial de inaugura\u00e7\u00e3o \u00e9 2030. No entanto, engenheiros estimam que a conclus\u00e3o completa do projeto pode levar at\u00e9 50 anos.<\/p>\n<p class=\"content-text__container\" data-mrf-recirculation=\"Article links\" data-track-category=\"Link no Texto\" data-track-links=\"\">Apesar da grandiosidade, o The Line j\u00e1 desperta pol\u00eamicas. Reportagens internacionais apontam que a constru\u00e7\u00e3o levou \u00e0 remo\u00e7\u00e3o de comunidades locais do deserto, o que tem gerado cr\u00edticas de especialistas e de organiza\u00e7\u00f5es de direitos humanos.<\/p>\n","protected":false},"excerpt":{"rendered":"A Ar\u00e1bia Saudita est\u00e1 erguendo um dos projetos mais ousados j\u00e1 concebidos no planeta. Trata-se, segundo o canal&hellip;\n","protected":false},"author":2,"featured_media":64400,"comment_status":"","ping_status":"","sticky":false,"template":"","format":"standard","meta":{"footnotes":""},"categories":[144],"tags":[17755,1145,304,207,205,206,203,201,202,17753,11850,204,114,115,62,17752,32,626,33,17754],"class_list":{"0":"post-64399","1":"post","2":"type-post","3":"status-publish","4":"format-standard","5":"has-post-thumbnail","7":"category-arte-e-design","8":"tag-9-milhoes-de-habitantes","9":"tag-arabia-saudita","10":"tag-arquitetura","11":"tag-arte","12":"tag-arte-e-design","13":"tag-artedesign","14":"tag-arts","15":"tag-arts-and-design","16":"tag-artsanddesign","17":"tag-colosso","18":"tag-construcao","19":"tag-design","20":"tag-entertainment","21":"tag-entretenimento","22":"tag-mundo","23":"tag-ousada","24":"tag-portugal","25":"tag-predio","26":"tag-pt","27":"tag-the-line"},"share_on_mastodon":{"url":"","error":""},"_links":{"self":[{"href":"https:\/\/www.europesays.com\/pt\/wp-json\/wp\/v2\/posts\/64399","targetHints":{"allow":["GET"]}}],"collection":[{"href":"https:\/\/www.europesays.com\/pt\/wp-json\/wp\/v2\/posts"}],"about":[{"href":"https:\/\/www.europesays.com\/pt\/wp-json\/wp\/v2\/types\/post"}],"author":[{"embeddable":true,"href":"https:\/\/www.europesays.com\/pt\/wp-json\/wp\/v2\/users\/2"}],"replies":[{"embeddable":true,"href":"https:\/\/www.europesays.com\/pt\/wp-json\/wp\/v2\/comments?post=64399"}],"version-history":[{"count":0,"href":"https:\/\/www.europesays.com\/pt\/wp-json\/wp\/v2\/posts\/64399\/revisions"}],"wp:featuredmedia":[{"embeddable":true,"href":"https:\/\/www.europesays.com\/pt\/wp-json\/wp\/v2\/media\/64400"}],"wp:attachment":[{"href":"https:\/\/www.europesays.com\/pt\/wp-json\/wp\/v2\/media?parent=64399"}],"wp:term":[{"taxonomy":"category","embeddable":true,"href":"https:\/\/www.europesays.com\/pt\/wp-json\/wp\/v2\/categories?post=64399"},{"taxonomy":"post_tag","embeddable":true,"href":"https:\/\/www.europesays.com\/pt\/wp-json\/wp\/v2\/tags?post=64399"}],"curies":[{"name":"wp","href":"https:\/\/api.w.org\/{rel}","templated":true}]}}