{"id":64421,"date":"2025-09-09T13:55:07","date_gmt":"2025-09-09T13:55:07","guid":{"rendered":"https:\/\/www.europesays.com\/pt\/64421\/"},"modified":"2025-09-09T13:55:07","modified_gmt":"2025-09-09T13:55:07","slug":"novo-mural-de-banksy-critica-tribunais-foi-tapado-em-menos-de-24-horas-nit","status":"publish","type":"post","link":"https:\/\/www.europesays.com\/pt\/64421\/","title":{"rendered":"Novo mural de Banksy critica tribunais. Foi tapado em menos de 24 horas \u2014 NiT"},"content":{"rendered":"<p>Quatro meses depois de ter revelado a sua \u00faltima obra em Fran\u00e7a, Banksy volta a atacar. O artista an\u00f3nimo apresentou esta segunda-feira, 8 de setembro, um novo mural \u00e0 entrada do tribunal Royal Courts of Justice, em Londres. Em menos de 24 horas, a obra foi coberta pelas autoridades.<\/p>\n<p>A pe\u00e7a, partilhada na conta oficial de Instagram do artista, mostrava um juiz, de peruca e toga, prestes a agredir um manifestante ca\u00eddo no ch\u00e3o com um cartaz manchado de sangue. A interven\u00e7\u00e3o surgiu dias depois de as autoridades brit\u00e2nicas terem detido mais de 900 pessoas em Londres, durante uma manifesta\u00e7\u00e3o de apoio \u00e0 Palestina.<\/p>\n<p>De acordo com a BBC, o mural foi rapidamente ocultado com placas de pl\u00e1stico e barreiras met\u00e1licas, ap\u00f3s a Pol\u00edcia Metropolitana ter recebido uma den\u00fancia de danos criminais. Existe a possibilidade de ser removido em definitivo.<\/p>\n<p>A advogada e deputada trabalhista Harriet Harman afirmou acreditar que a obra era um \u201cprotesto contra a lei\u201d. \u201cO Parlamento faz a lei, e os ju\u00edzes simplesmente interpretam-na\u201d, declarou. \u201cN\u00e3o creio que haja qualquer evid\u00eancia, em termos do direito de protesto, de que os ju\u00edzes tenham reprimido protestos para al\u00e9m do que o Parlamento pretendia\u201d.<\/p>\n<p>Leia tamb\u00e9m o <a href=\"https:\/\/www.nit.pt\/cultura\/teatro-e-exposicoes\/sera-esta-verdadeira-identidade-de-banksy-detetive-espanhol-garante-que-sim\" target=\"_blank\" rel=\"noopener nofollow\">artigo<\/a> da NiT para saber mais sobre a identidade misteriosa de Banksy.<\/p>\n<blockquote class=\"instagram-media\" style=\"background: #FFF; border: 0; border-radius: 3px; box-shadow: 0 0 1px 0 rgba(0,0,0,0.5),0 1px 10px 0 rgba(0,0,0,0.15); margin: 1px; max-width: 540px; min-width: 326px; padding: 0; width: calc(100% - 2px);\" data-instgrm-captioned=\"\" data-instgrm-permalink=\"https:\/\/www.instagram.com\/p\/DOVoHlVDMIU\/?utm_source=ig_embed&amp;utm_campaign=loading\" data-instgrm-version=\"14\">\n<\/blockquote>\n<p>\t\t\t\t<script async src=\"\/\/www.instagram.com\/embed.js\"><\/script><\/p>\n","protected":false},"excerpt":{"rendered":"Quatro meses depois de ter revelado a sua \u00faltima obra em Fran\u00e7a, Banksy volta a atacar. O artista&hellip;\n","protected":false},"author":2,"featured_media":64422,"comment_status":"","ping_status":"","sticky":false,"template":"","format":"standard","meta":{"footnotes":""},"categories":[144],"tags":[207,205,206,203,201,202,204,114,115,32,33],"class_list":{"0":"post-64421","1":"post","2":"type-post","3":"status-publish","4":"format-standard","5":"has-post-thumbnail","7":"category-arte-e-design","8":"tag-arte","9":"tag-arte-e-design","10":"tag-artedesign","11":"tag-arts","12":"tag-arts-and-design","13":"tag-artsanddesign","14":"tag-design","15":"tag-entertainment","16":"tag-entretenimento","17":"tag-portugal","18":"tag-pt"},"share_on_mastodon":{"url":"","error":""},"_links":{"self":[{"href":"https:\/\/www.europesays.com\/pt\/wp-json\/wp\/v2\/posts\/64421","targetHints":{"allow":["GET"]}}],"collection":[{"href":"https:\/\/www.europesays.com\/pt\/wp-json\/wp\/v2\/posts"}],"about":[{"href":"https:\/\/www.europesays.com\/pt\/wp-json\/wp\/v2\/types\/post"}],"author":[{"embeddable":true,"href":"https:\/\/www.europesays.com\/pt\/wp-json\/wp\/v2\/users\/2"}],"replies":[{"embeddable":true,"href":"https:\/\/www.europesays.com\/pt\/wp-json\/wp\/v2\/comments?post=64421"}],"version-history":[{"count":0,"href":"https:\/\/www.europesays.com\/pt\/wp-json\/wp\/v2\/posts\/64421\/revisions"}],"wp:featuredmedia":[{"embeddable":true,"href":"https:\/\/www.europesays.com\/pt\/wp-json\/wp\/v2\/media\/64422"}],"wp:attachment":[{"href":"https:\/\/www.europesays.com\/pt\/wp-json\/wp\/v2\/media?parent=64421"}],"wp:term":[{"taxonomy":"category","embeddable":true,"href":"https:\/\/www.europesays.com\/pt\/wp-json\/wp\/v2\/categories?post=64421"},{"taxonomy":"post_tag","embeddable":true,"href":"https:\/\/www.europesays.com\/pt\/wp-json\/wp\/v2\/tags?post=64421"}],"curies":[{"name":"wp","href":"https:\/\/api.w.org\/{rel}","templated":true}]}}