{"id":64514,"date":"2025-09-09T15:08:11","date_gmt":"2025-09-09T15:08:11","guid":{"rendered":"https:\/\/www.europesays.com\/pt\/64514\/"},"modified":"2025-09-09T15:08:11","modified_gmt":"2025-09-09T15:08:11","slug":"suzana-garcia-e-vera-de-melo-discutem-em-direto-educacao-tu-nao-tens","status":"publish","type":"post","link":"https:\/\/www.europesays.com\/pt\/64514\/","title":{"rendered":"Suzana Garcia e Vera de Melo discutem em direto. &#8220;Educa\u00e7\u00e3o tu n\u00e3o tens&#8221;"},"content":{"rendered":"<p>A &#8216;Cr\u00f3nica Criminal&#8217; do programa &#8216;Dois \u00e0s 10&#8217;, da TVI, destacou esta ter\u00e7a-feira, 9 de setembro, uma not\u00edcia que d\u00e1 conta de uma mulher que \u00e9 suspeita de ter provocado o parto com o objetivo de matar o filho.\u00a0\u00a0<\/p>\n<p>A mulher em quest\u00e3o estava gr\u00e1vida de 26 semanas, tendo entrado em trabalho de parto e o beb\u00e9 acabado por morrer ao por paragem cardiorrespirat\u00f3ria.\u00a0<\/p>\n<p>\u00c0s 21 semanas de gesta\u00e7\u00e3o, a mesma mulher tinha ido ao centro de sa\u00fade com o objetivo de fazer uma interrup\u00e7\u00e3o volunt\u00e1ria da gravidez. No local ter\u00e1 sido informada que n\u00e3o o poderia fazer.\u00a0<\/p>\n<p>Ao comentar o tema, Vera de Melo afirmou que a m\u00e9dica que ter\u00e1 atendido esta mulher tinha como obriga\u00e7\u00e3o marcar-lhe uma consulta de planeamento familiar &#8211; sendo depois op\u00e7\u00e3o da doente se comparecia ou n\u00e3o. Recorde-se que a mulher n\u00e3o fez qualquer consulta ou exame durante a gesta\u00e7\u00e3o, o que indicia que poder\u00e1 ter provocado o parto.\u00a0<\/p>\n<p>&#8220;Hoje, ser m\u00e3e \u00e9 uma escolha&#8221;, disse ainda a psic\u00f3loga, provocando indigna\u00e7\u00e3o na colega de painel.<\/p>\n<p>&#8220;Tenho de fazer aqui uma ressalva para todas as mulheres que ficaram gr\u00e1vidas e que n\u00e3o quiseram essa gravidez e foram alvos de viola\u00e7\u00e3o sexual, essas mulheres n\u00e3o escolheram estar gr\u00e1vidas&#8221;, apontou a tamb\u00e9m comentadora Suzana Garcia.<\/p>\n<p>&#8220;Oh Suzana, isso \u00e9 um extremo, n\u00e3o vale a pena estarmos a falar em extremos&#8221;, interrompeu a psic\u00f3loga.<\/p>\n<p>&#8220;Estou a falar! Mas posso falar?&#8221;, apontou a advogada. &#8220;Tu \u00e9 que me interrompeste a mim, porque estava a falar primeiro, portanto vais esperar&#8221;, reagiu Vera.\u00a0<\/p>\n<p>&#8220;Uma de cada vez, n\u00e3o vale a pena&#8221;, disse Cl\u00e1udio Ramos tentando acalmar os \u00e2nimos.\u00a0<\/p>\n<p>&#8220;N\u00e3o \u00e9 verdade que todas as pessoas escolham estar gr\u00e1vidas e seja uma op\u00e7\u00e3o. N\u00e3o \u00e9 tamb\u00e9m verdade que as pessoas quando est\u00e3o gr\u00e1vidas e t\u00eam beb\u00e9s com patologias severas escolham estar gr\u00e1vidas naquele contexto. A minha solidariedade para com elas tamb\u00e9m.<\/p>\n<p>[&#8230;] N\u00e3o \u00e9 fun\u00e7\u00e3o da m\u00e9dica que viu esta senhora numa primeira e \u00fanica consulta marcar uma nova&#8221;, referiu Suzana.\u00a0<\/p>\n<p>&#8220;\u00c9 fun\u00e7\u00e3o sim!&#8221;, voltou a interromper a psic\u00f3loga, levando Suzana a queixar-se uma vez mais.\u00a0<\/p>\n<p>&#8220;Temos de nos entender&#8221;, voltou a intervir Cl\u00e1udio Ramos.<\/p>\n<p>&#8220;Acho que este discurso n\u00e3o pode ir para populismos e extremos. Obviamente que n\u00e3o sou est\u00fapida e n\u00e3o estou a falar de situa\u00e7\u00f5es extremas, agora quando queremos utilizar este espa\u00e7o aqui para outras coisas e n\u00e3o para fazer informa\u00e7\u00e3o leva a estes extremos que a Suzana acabou de fazer agora &#8211; que \u00e9 os extremos de de falar de pessoas com doen\u00e7as e pessoas violadas&#8221;, defendeu novamente Vera de Melo.\u00a0<\/p>\n<p>&#8220;Como \u00e9 \u00f3bvio, se algu\u00e9m sabe o que sofrem [estas mulheres] sou eu e n\u00e3o ela, porque ela se limita a acompanhar do ponto de vista jur\u00eddico e n\u00e3o emocional. O que estou a dizer \u00e9 que, hoje, existem v\u00e1rios m\u00e9todos anticoncecionais que fazem com que a mulher possa fazer da gravidez, hoje, uma escolha. Paralelamente, a m\u00e9dica de fam\u00edlia marca automaticamente essa consulta e pode faz\u00ea-lo e deve faz\u00ea-lo&#8221;, continuou.\u00a0<\/p>\n<p>&#8220;O que a Vera disse, e foi repetido tr\u00eas vezes perante a perplexidade do Cl\u00e1udio [Ramos], \u00e9 que hoje em dia s\u00f3 est\u00e1 gr\u00e1vido quem quer&#8221;, referiu Suzana Garcia, candidata \u00e0 C\u00e2mara Municipal da Amadora.\u00a0<\/p>\n<p>&#8220;Agora n\u00e3o me vais interromper porque estou a falar, se faz favor e com educa\u00e7\u00e3o&#8221;, atirou ainda a advogada. &#8220;Isso Educa\u00e7\u00e3o tu n\u00e3o tens, Suzana&#8221;, respondeu imediatamente a psic\u00f3loga, fazendo escalar o clima insultuoso.\u00a0<\/p>\n<p>&#8220;A quest\u00e3o dos populismos e afins, diz mais de ti do que de mim&#8221;, apontou ainda a advogada.\u00a0<\/p>\n<p>&#8220;Para ficar claro, a Suzana deturpa a informa\u00e7\u00e3o que os outros dizem a seu bel-prazer&#8221;, continuou Vera numa tentativa de explicar o seu ponto de vista.\u00a0<\/p>\n<p>Suzana Dias Ramos prosseguiu dizendo: &#8220;Eu n\u00e3o levo li\u00e7\u00f5es de gravidez de ti, porque se h\u00e1 algu\u00e9m que passou por ela diversas vezes, inclusive por perdas gestacionais, sou eu. Em rela\u00e7\u00e3o aquilo que \u00e9 a tua perce\u00e7\u00e3o sobre isto, \u00e9 te\u00f3rica porque ouves os pacientes, eu n\u00e3o &#8211; \u00e9 pessoal. De facto, de ti n\u00e3o recebo mesmo estas li\u00e7\u00f5es porque nunca passaste por aquilo que eu passei. E sendo psic\u00f3loga, devias ter cuidado com o vocabul\u00e1rio que usas em rela\u00e7\u00e3o a estas mulheres que est\u00e3o l\u00e1 em casa e podem estar a ouvir-nos, que foram violadas e n\u00e3o optaram por estar gr\u00e1vidas&#8221;.\u00a0<\/p>\n<p>&#8220;Tenham calma as duas, que n\u00e3o h\u00e1 necessidade. N\u00e3o vale a pena&#8221;, afirmou Cl\u00e1udio Ramos tentando, uma vez mais, acalmar o ambiente vivido em est\u00fadio.\u00a0<\/p>\n<p>Mais adiante, as duas voltaram a trocar farpas. &#8220;Suzana, n\u00e3o te exaltes&#8221;, apelou Vera. &#8220;Minha querida, tu \u00e9 que te exaltas, estiveste o tempo todo a intervir e a fazer ju\u00edzos de valor sobre coisas que n\u00e3o sabes porque n\u00e3o passaste por elas&#8221;, respondeu Suzana.\u00a0<\/p>\n<p>Vera de Melo chegou mesmo a amea\u00e7ar levantar-se do est\u00fadio e abandonar o programa. &#8220;Quero dizer tr\u00eas coisas antes de me levantar daqui&#8221;, disse, com Cl\u00e1udio Ramos a apelar: &#8220;n\u00e3o se levante que n\u00e3o vale a pena&#8221;.\u00a0<\/p>\n<p>&#8220;Lamento, mas isto n\u00e3o \u00e9, de todo, a forma como eu revejo o que \u00e9 comunicar. [&#8230;]\u00a0H\u00e1 aqui pessoas que n\u00e3o sabem conversar&#8221;, apontou, referindo-se \u00e0 colega.\u00a0<\/p>\n<p>&#8220;N\u00e3o \u00e9 preciso estar a usar ataques com adjetivos, porque eu nem sequer usei adjetivos para te descrever. Tu \u00e9 que os usaste. Eu n\u00e3o precisei de te atacar pessoalmente, eu falei da situa\u00e7\u00e3o. N\u00e3o usei adjetivos para te desclassificar, tu \u00e9 que os usaste para mim e tu \u00e9 que \u00e9s a psic\u00f3loga&#8221;, rematou a advogada j\u00e1 na reta final do tema.<\/p>\n<p>Cl\u00e1udio Ramos acabou com a discuss\u00e3o e troca de palavras entre as duas comentadores prosseguindo com o programa e apresentando o tema seguinte.\u00a0<\/p>\n<p>Leia Tamb\u00e9m: <a href=\"https:\/\/www.noticiasaominuto.com\/politica\/2843167\/ja-tenho-um-programa-suzana-garcia-promete-erradicar-cova-da-moura\" target=\"_blank\" rel=\"noopener noreferrer nofollow\">&#8220;J\u00e1 tenho um programa&#8221;. Suzana Garcia promete erradicar Cova da Moura<\/a><\/p>\n","protected":false},"excerpt":{"rendered":"A &#8216;Cr\u00f3nica Criminal&#8217; do programa &#8216;Dois \u00e0s 10&#8217;, da TVI, destacou esta ter\u00e7a-feira, 9 de setembro, uma not\u00edcia&hellip;\n","protected":false},"author":2,"featured_media":64515,"comment_status":"","ping_status":"","sticky":false,"template":"","format":"standard","meta":{"footnotes":""},"categories":[142],"tags":[114,115,32,33,151],"class_list":{"0":"post-64514","1":"post","2":"type-post","3":"status-publish","4":"format-standard","5":"has-post-thumbnail","7":"category-tv","8":"tag-entertainment","9":"tag-entretenimento","10":"tag-portugal","11":"tag-pt","12":"tag-tv"},"share_on_mastodon":{"url":"","error":""},"_links":{"self":[{"href":"https:\/\/www.europesays.com\/pt\/wp-json\/wp\/v2\/posts\/64514","targetHints":{"allow":["GET"]}}],"collection":[{"href":"https:\/\/www.europesays.com\/pt\/wp-json\/wp\/v2\/posts"}],"about":[{"href":"https:\/\/www.europesays.com\/pt\/wp-json\/wp\/v2\/types\/post"}],"author":[{"embeddable":true,"href":"https:\/\/www.europesays.com\/pt\/wp-json\/wp\/v2\/users\/2"}],"replies":[{"embeddable":true,"href":"https:\/\/www.europesays.com\/pt\/wp-json\/wp\/v2\/comments?post=64514"}],"version-history":[{"count":0,"href":"https:\/\/www.europesays.com\/pt\/wp-json\/wp\/v2\/posts\/64514\/revisions"}],"wp:featuredmedia":[{"embeddable":true,"href":"https:\/\/www.europesays.com\/pt\/wp-json\/wp\/v2\/media\/64515"}],"wp:attachment":[{"href":"https:\/\/www.europesays.com\/pt\/wp-json\/wp\/v2\/media?parent=64514"}],"wp:term":[{"taxonomy":"category","embeddable":true,"href":"https:\/\/www.europesays.com\/pt\/wp-json\/wp\/v2\/categories?post=64514"},{"taxonomy":"post_tag","embeddable":true,"href":"https:\/\/www.europesays.com\/pt\/wp-json\/wp\/v2\/tags?post=64514"}],"curies":[{"name":"wp","href":"https:\/\/api.w.org\/{rel}","templated":true}]}}