{"id":64561,"date":"2025-09-09T15:50:06","date_gmt":"2025-09-09T15:50:06","guid":{"rendered":"https:\/\/www.europesays.com\/pt\/64561\/"},"modified":"2025-09-09T15:50:06","modified_gmt":"2025-09-09T15:50:06","slug":"pedro-barroso-revela-estado-de-saude-a-pior-noticia-que-podia-ter","status":"publish","type":"post","link":"https:\/\/www.europesays.com\/pt\/64561\/","title":{"rendered":"Pedro Barroso revela estado de sa\u00fade: &#8220;A pior not\u00edcia que podia ter&#8221;"},"content":{"rendered":"<p>Depois de ter passado pelo Hospital S\u00e3o Francisco Xavier, <a href=\"https:\/\/selfie.iol.pt\/famosos\/pedro-barroso\/pedro-barroso-deixa-fas-em-choque-com-mudanca-radical-de-visual\/20550904\/68b9aa66d34e3f0baea25a7b\" target=\"_blank\" rel=\"nofollow noopener\">Pedro Barroso<\/a> recorreu \u00e0s redes sociais para esclarecer os seguidores sobre o estado de sa\u00fade e revelou que vai ter de ser operado.<\/p>\n<p>Num v\u00eddeo publicado no Instagram, o ator come\u00e7ou por explicar: &#8220;Agora \u00e9 respirar fundo. A pior not\u00edcia que podia ter era esta, a rutura parcial do b\u00edceps. As an\u00e1lises j\u00e1 est\u00e3o feitas, o exame ao t\u00f3rax tamb\u00e9m, preparar para operar. Esta sexta-feira, nova consulta.&#8221;<\/p>\n<p><a href=\"https:\/\/selfie.iol.pt\/famosos\/pedro-barroso\/saudades-da-televisao-pedro-barroso-faz-revelacao-curiosa\/20250831\/68af15d7d34e3f0baea20bd5\" target=\"_blank\" rel=\"nofollow noopener\">Pedro Barroso<\/a> revelou tamb\u00e9m que tinha planos que ter\u00e3o de ser adiados: &#8220;Havia aqui uma surpresa. Ia inscrever-me para um campeonato de jiu-jitsu sem dizer a ningu\u00e9m. Vai por \u00e1gua abaixo. \u00c9 mais importante a recupera\u00e7\u00e3o. Sei que vai ser longa e conto com o meu amigo. Vamos a isto, manter a cabe\u00e7a erguida.&#8221;<\/p>\n<p>O ator aproveitou ainda para deixar um agradecimento \u00e0 equipa m\u00e9dica que o acompanhou.<\/p>\n<p>Veja, agora, o v\u00eddeo de <a href=\"https:\/\/selfie.iol.pt\/fotos\/pedro-barroso-mostra-rotina-de-treinos-tem-sido-desafiante\/68abbaf8d34e3f0baea1f16c\" target=\"_blank\" rel=\"nofollow noopener\">Pedro Barroso<\/a>.<\/p>\n","protected":false},"excerpt":{"rendered":"Depois de ter passado pelo Hospital S\u00e3o Francisco Xavier, Pedro Barroso recorreu \u00e0s redes sociais para esclarecer os&hellip;\n","protected":false},"author":2,"featured_media":64562,"comment_status":"","ping_status":"","sticky":false,"template":"","format":"standard","meta":{"footnotes":""},"categories":[145],"tags":[1244,211,210,114,115,980,1789,1015,619,17787,32,33,117,1012,578],"class_list":{"0":"post-64561","1":"post","2":"type-post","3":"status-publish","4":"format-standard","5":"has-post-thumbnail","7":"category-celebridades","8":"tag-ator","9":"tag-celebridades","10":"tag-celebrities","11":"tag-entertainment","12":"tag-entretenimento","13":"tag-famosos","14":"tag-hospital","15":"tag-instagram","16":"tag-nacional","17":"tag-pedro-barroso","18":"tag-portugal","19":"tag-pt","20":"tag-saude","21":"tag-selfie","22":"tag-video"},"share_on_mastodon":{"url":"","error":""},"_links":{"self":[{"href":"https:\/\/www.europesays.com\/pt\/wp-json\/wp\/v2\/posts\/64561","targetHints":{"allow":["GET"]}}],"collection":[{"href":"https:\/\/www.europesays.com\/pt\/wp-json\/wp\/v2\/posts"}],"about":[{"href":"https:\/\/www.europesays.com\/pt\/wp-json\/wp\/v2\/types\/post"}],"author":[{"embeddable":true,"href":"https:\/\/www.europesays.com\/pt\/wp-json\/wp\/v2\/users\/2"}],"replies":[{"embeddable":true,"href":"https:\/\/www.europesays.com\/pt\/wp-json\/wp\/v2\/comments?post=64561"}],"version-history":[{"count":0,"href":"https:\/\/www.europesays.com\/pt\/wp-json\/wp\/v2\/posts\/64561\/revisions"}],"wp:featuredmedia":[{"embeddable":true,"href":"https:\/\/www.europesays.com\/pt\/wp-json\/wp\/v2\/media\/64562"}],"wp:attachment":[{"href":"https:\/\/www.europesays.com\/pt\/wp-json\/wp\/v2\/media?parent=64561"}],"wp:term":[{"taxonomy":"category","embeddable":true,"href":"https:\/\/www.europesays.com\/pt\/wp-json\/wp\/v2\/categories?post=64561"},{"taxonomy":"post_tag","embeddable":true,"href":"https:\/\/www.europesays.com\/pt\/wp-json\/wp\/v2\/tags?post=64561"}],"curies":[{"name":"wp","href":"https:\/\/api.w.org\/{rel}","templated":true}]}}