{"id":64588,"date":"2025-09-09T16:17:08","date_gmt":"2025-09-09T16:17:08","guid":{"rendered":"https:\/\/www.europesays.com\/pt\/64588\/"},"modified":"2025-09-09T16:17:08","modified_gmt":"2025-09-09T16:17:08","slug":"polilaminina-remedio-brasileiro-regenera-lesao-na-medula-09-09-2025-equilibrio-e-saude","status":"publish","type":"post","link":"https:\/\/www.europesays.com\/pt\/64588\/","title":{"rendered":"Polilaminina: rem\u00e9dio brasileiro regenera les\u00e3o na medula &#8211; 09\/09\/2025 &#8211; Equil\u00edbrio e Sa\u00fade"},"content":{"rendered":"<p>Vem de um tenro inv\u00f3lucro da vida humana, a placenta, a extra\u00e7\u00e3o de uma prote\u00edna que aponta para dar uma solu\u00e7\u00e3o para algo que, at\u00e9 agora, a ci\u00eancia n\u00e3o tinha caminho claro nem nunca t\u00e3o comemorado: restabelecer a <a href=\"https:\/\/www1.folha.uol.com.br\/ciencia\/2024\/12\/estimulacao-cerebral-ajuda-2-pacientes-a-restaurar-movimentos-apos-lesoes-na-medula.shtml\" rel=\"nofollow noopener\" target=\"\">medula espinhal<\/a> em pessoas que tiveram <a href=\"https:\/\/www1.folha.uol.com.br\/fsp\/ciencia\/fe30069802.htm\" rel=\"nofollow noopener\" target=\"\">les\u00f5es medulares <\/a>e perderam movimentos do corpo.<\/p>\n<p>A pesquisadora brasileira Tatiana Coelho de Sampaio, professora doutora da UFRJ (Universidade Federal do Rio de Janeiro), se aprofundou em sil\u00eancio com uma equipe de bi\u00f3logos, nos \u00faltimos 25 anos, sobre a pot\u00eancia reparadora e multiplicadora da prote\u00edna laminina, que atua no<a href=\"https:\/\/www1.folha.uol.com.br\/equilibrioesaude\/2025\/08\/pesquisa-brasileira-investiga-proteina-do-cerebro-que-pode-ajudar-a-regenerar-nervos.shtml\" rel=\"nofollow noopener\" target=\"\"> sistema nervoso<\/a>.<\/p>\n<p>Os estudos acabaram gerando o atual medicamento polilaminina, uma novidade mundial, apresentada nesta ter\u00e7a-feira (9) pelo laborat\u00f3rio Crist\u00e1lia, como capaz de regenerar a medula em pessoas que tiveram rompimento do \u00f3rg\u00e3o em acidentes de diversas naturezas e que levaram a uma paraplegia \u2014paralisa dos membros inferiores\u2014 ou tetraplegia \u2014paralisia de membros inferiores e superiores.<\/p>\n<p>Durante a fase experimental do ant\u00eddoto, que \u00e9 aplicado diretamente na coluna, pacientes tiveram recupera\u00e7\u00e3o total de seus quadros, sem sequelas e retomando uma rotina sem restri\u00e7\u00f5es.<\/p>\n<p>H\u00e1 quase tr\u00eas anos, o laborat\u00f3rio aguarda a autoriza\u00e7\u00e3o da Anvisa (Ag\u00eancia Nacional de Vigil\u00e2ncia Sanit\u00e1ria) para fazer o realiza\u00e7\u00e3o do estudo cl\u00ednico regulat\u00f3rio ampliado do medicamento. O laborat\u00f3rio tem a expectativa que, dentro de um m\u00eas, a autoriza\u00e7\u00e3o deve ser feita.<\/p>\n<p>Basicamente, a polilaminina \u00e9 capaz de estimular neur\u00f4nios maduros, que n\u00e3o iriam mais se desenvolver, a rejuvenescerem e a criarem novos ax\u00f4nios \u2014fios extremamente finos que transportam os impulsos el\u00e9tricos pelo corpo.<\/p>\n<p>Na apresenta\u00e7\u00e3o do f\u00e1rmaco, 2 dos 8 volunt\u00e1rios que passaram pelo procedimento em estudo acad\u00eamico cl\u00ednico, aprovado pelos \u00f3rg\u00e3os \u00e9ticos, e que tinham les\u00f5es que haviam comprometido movimentos, estavam presentes.<\/p>\n<p>A atleta paral\u00edmpica de rugby Hawanna Cruz Ribeiro, 27, ficou tetrapl\u00e9gica em 2017 ap\u00f3s uma queda de dez metros de altura. Perdeu os movimentos do pesco\u00e7o para baixo. Tr\u00eas anos depois, foi submetida como volunt\u00e1ria \u00e0 aplica\u00e7\u00e3o da polilaminina.<\/p>\n<p>&#8220;Recuperei entre 60% e 70% do controle do meu tronco. Sinto que a sensibilidade na minha bexiga voltou, mas ainda n\u00e3o sou independente nessa quest\u00e3o. N\u00e3o tenho nenhuma d\u00favida das minha melhora&#8221;, afirmou.<\/p>\n<blockquote class=\"c-quote\">\n<p class=\"c-quote__content\">Recuperei entre 60% e 70% do controle do meu tronco. Sinto que a sensibilidade na minha bexiga voltou, mas ainda n\u00e3o sou independente nessa quest\u00e3o. N\u00e3o tenho nenhuma d\u00favida das minha melhora<\/p>\n<\/blockquote>\n<p>J\u00e1 Bruno Drummont de Freitas, 31, lembra de ter o corpo completamente paralisado do pesco\u00e7o para baixo ap\u00f3s um acidente de tr\u00e2nsito. Ele recebeu a polilaminina 24 horas ap\u00f3s o trauma.<\/p>\n<p>&#8220;Em cinco meses, mais ou menos, eu j\u00e1 estava completamente recuperado. Tenho uma rotina normal, fa\u00e7o esportes e n\u00e3o passo mais por nenhum tipo de tratamento. Tenho consci\u00eancia do quanto \u00e9 importante para milhares de pessoas o que estou relatando, mas n\u00e3o tenho d\u00favidas. Eu me recuperei totalmente e poderia estar tetrapl\u00e9gico.&#8221;<\/p>\n<p>Na aplica\u00e7\u00e3o em c\u00e3es que tiveram les\u00f5es n\u00e3o provocadas, os resultados tamb\u00e9m impressionaram os pesquisadores, com a retomada total da marcha naqueles que tiveram o \u00f3rg\u00e3o neural rompido. Em ratos de laborat\u00f3rio, os efeitos da aplica\u00e7\u00e3o aconteciam em 24 horas.<\/p>\n<p>O medicamento j\u00e1 est\u00e1 sendo produzido na planta de biotecnologia do Crist\u00e1lia, a partir de placenta doada por mulheres saud\u00e1veis que s\u00e3o acompanhadas durante toda a gravidez.<\/p>\n<p>&#8220;Hoje \u00e9 o dia mais feliz da minha vida. Estou muito emocionado. Estamos vivendo um dia hist\u00f3rico para o mundo aqui&#8221;, afirmou o m\u00e9dico Ogari Pacheco, fundador e presidente do conselho do Crist\u00e1lia,<\/p>\n<p>Acidentes, mergulhos, quedas e ferimentos \u00e0 bala, por exemplo, podem causar um deslocamento \u00f3sseo na coluna e promover um esmagamento da medula, que, danificada ou rompida, deixa de conduzir as informa\u00e7\u00f5es cerebrais para os comandos dos movimentos.<\/p>\n<p>At\u00e9 ent\u00e3o, nenhum m\u00e9todo efetivo para que o tecido nervoso fosse renovado havia sido apresentado pela ci\u00eancia, o que torna o feito como algo extremamente importante para a ci\u00eancia e para a humanidade, caso todas as formas de comprova\u00e7\u00e3o estejam cumpridas, o que ainda n\u00e3o \u00e9 o caso da polilaminina.<\/p>\n<p>&#8220;A todo momento a gente se pergunta se vai se decepcionar, \u00e9 uma d\u00favida. O que me d\u00e1 seguran\u00e7a \u00e9 o retorno e a intera\u00e7\u00e3o com quem est\u00e1 a minha volta e os resultados que estamos vendo. Tento fazer o meu melhor. Sou honesta em mostrar o que est\u00e1 acontecendo&#8221;, declarou a pesquisadora Tatiana.<\/p>\n<p>Hospitais de S\u00e3o Paulo, como o Hospital das Clinicas e a Santa Casa, j\u00e1 est\u00e3o preparados para fazer as aplica\u00e7\u00f5es da polilaminina quando autorizados pela Anvisa. O procedimento, inicialmente, s\u00f3 ser\u00e1 realizado em pacientes com diagn\u00f3stico de les\u00e3o medular recente, depois de tr\u00eas meses, no m\u00e1ximo.<\/p>\n<p>Os estudiosos afirmam que a medica\u00e7\u00e3o, comprovadamente, n\u00e3o causa nenhum dano colateral aos pacientes, o que passar\u00e1 por mais testes ap\u00f3s a aprova\u00e7\u00e3o da Anvisa. Les\u00f5es mais antigas tamb\u00e9m s\u00e3o impactadas com o medicamento, segundo os pesquisadores, mas o resultado depende do comprometimento do paciente com o p\u00f3s-operat\u00f3rio.<\/p>\n<p>&#8220;N\u00e3o vendemos ilus\u00f5es, trazemos evid\u00eancias. Os resultados n\u00e3o iguais para todos. Mostramos que quando mais r\u00e1pida a aplica\u00e7\u00e3o, melhor o resultado. Estamos tamb\u00e9m trabalhando em casos cr\u00f4nicos e estamos avan\u00e7ando. Experimentalmente, temos resultados promissores&#8221;, disse Ogari Pacheco.<\/p>\n<blockquote class=\"c-quote\">\n<p class=\"c-quote__content\">N\u00e3o vendemos ilus\u00f5es, trazemos evid\u00eancias. Os resultados n\u00e3o iguais para todos. Mostramos que quando mais r\u00e1pida a aplica\u00e7\u00e3o, melhor o resultado. Estamos tamb\u00e9m trabalhando em casos cr\u00f4nicos e estamos avan\u00e7ando. Experimentalmente, temos resultados promissores<\/p>\n<\/blockquote>\n<p>Especialistas consultados pela reportagem afirmaram que a a iniciativa \u00e9 extremamente promissora, mas ainda pedem cautela. Os resultados s\u00e3o esperados com melhor desenvoltura para aqueles que tiram traumas recentes.<\/p>\n<p>O processo de patente do medicamento e seu ineditismo mundial j\u00e1 foi instalado, mas pode demorar ainda v\u00e1rios anos para se concretizar. Todas as duplica\u00e7\u00f5es dos estudos, em laborat\u00f3rios fora de onde foi desenvolvida a pesquisa, foram realizados e confirmaram a efetividade do m\u00e9todo.<\/p>\n<p>A divulga\u00e7\u00e3o do estudo cient\u00edfico est\u00e1 sendo postergada, segundo os envolvidos na pesquisa com a polilaminina, para proteger o ineditismo e o impacto do m\u00e9todo.<\/p>\n<p>Entenda as diferen\u00e7as entre paraplegia e tetraplegia<\/p>\n<p>Segundo o m\u00e9dico Hugo Sterman Neto, neurocirurgi\u00e3o do <a href=\"https:\/\/www1.folha.uol.com.br\/colunas\/monicabergamo\/2025\/02\/hospital-vila-nova-star-tera-setor-pediatrico-com-suites-privativas.shtml\" rel=\"nofollow noopener\" target=\"_blank\">Hospital Vila Nova Star<\/a>, da Rede D\u2019Or, paresia \u00e9 o termo usado para descrever fraqueza de bra\u00e7os e pernas. Paraparesia \u00e9 a incapacidade parcial de movimentar os membros inferiores. Na tetraparesia, atinge os bra\u00e7os e as pernas.<\/p>\n<p>Plegia significa que a fraqueza \u00e9 total e tem aus\u00eancia de movimento. Toda <a href=\"https:\/\/www1.folha.uol.com.br\/fsp\/esporte\/175443-lesao-poderia-ter-causado-paraplegia-dizem-medicos.shtml\" rel=\"nofollow noopener\" target=\"_blank\">paraplegia <\/a>ou tetraplegia \u00e9 uma paresia, mas de grau mais intenso, onde h\u00e1 a perda do movimento.<\/p>\n<p>&#8220;Quando falamos em paraplegia, significa que h\u00e1 uma les\u00e3o na <a href=\"https:\/\/www1.folha.uol.com.br\/equilibrioesaude\/2022\/02\/pacientes-voltam-a-andar-gracas-a-estimulacao-eletrica-da-medula-espinhal.shtml\" rel=\"nofollow noopener\" target=\"_blank\">medula espinhal<\/a> \u2014tecido dentro do canal medular, na coluna, que leva os movimentos para a perna\u2014 em um n\u00edvel at\u00e9 acometer um pouco abaixo do bra\u00e7o. Ent\u00e3o, se eu machucar a medula da T2 para baixo, vou ter paraplegia ou paraparesia. Da T2 para cima, posso ter acometimento dos bra\u00e7os e das pernas. \u00c9 a tetraparesia ou tetraplegia&#8221;, diz o especialista.<\/p>\n<p>&#8220;Os bra\u00e7os s\u00e3o controlados por movimentos dos nervos que saem entre a quinta v\u00e9rtebra cervical e a primeira v\u00e9rtebra tor\u00e1cica \u2014C5 a T1. Les\u00f5es na medula cervical d\u00e3o a tetraplegia ou tetraparesia; na tor\u00e1cica, ocasionam a paraplegia ou paraparesia&#8221;, explica Hugo.<\/p>\n<p>N\u00e3o s\u00e3o somente os acidentes que causam as duas condi\u00e7\u00f5es. H\u00e1 outros fatores como doen\u00e7as inflamat\u00f3rias (<a href=\"https:\/\/www1.folha.uol.com.br\/equilibrioesaude\/2025\/07\/pacientes-com-esclerose-multipla-enfrentam-falta-de-medicacao-pelo-sus.shtml\" rel=\"nofollow noopener\" target=\"_blank\">esclerose m\u00faltipla<\/a>, por exemplo), tumores na medula, fraturas na coluna devido \u00e0 osteoporose, compress\u00f5es na medula por causa de <a href=\"https:\/\/www1.folha.uol.com.br\/opiniao\/2025\/04\/envelhecimento-tambem-e-assunto-de-jovem.shtml\" rel=\"nofollow noopener\" target=\"_blank\">envelhecimento<\/a> e artrose na coluna.<\/p>\n<p>&#8220;Essas les\u00f5es da medula podem ser de intensidade muito grande, menor ou de forma s\u00fabita. Acho que o caso mais emblem\u00e1tico \u00e9 a fratura ou a luxa\u00e7\u00e3o da coluna e ter um estrangulamento ou um esmagamento da medula, que leva a les\u00e3o&#8221;, afirma o neurocirurgi\u00e3o.<\/p>\n","protected":false},"excerpt":{"rendered":"Vem de um tenro inv\u00f3lucro da vida humana, a placenta, a extra\u00e7\u00e3o de uma prote\u00edna que aponta para&hellip;\n","protected":false},"author":2,"featured_media":64589,"comment_status":"","ping_status":"","sticky":false,"template":"","format":"standard","meta":{"footnotes":""},"categories":[86],"tags":[236,116,3083,1208,17798,17797,32,33,117],"class_list":{"0":"post-64588","1":"post","2":"type-post","3":"status-publish","4":"format-standard","5":"has-post-thumbnail","7":"category-saude","8":"tag-folha","9":"tag-health","10":"tag-medicamentos","11":"tag-medicina","12":"tag-medula","13":"tag-pessoa-com-deficiencia","14":"tag-portugal","15":"tag-pt","16":"tag-saude"},"share_on_mastodon":{"url":"","error":""},"_links":{"self":[{"href":"https:\/\/www.europesays.com\/pt\/wp-json\/wp\/v2\/posts\/64588","targetHints":{"allow":["GET"]}}],"collection":[{"href":"https:\/\/www.europesays.com\/pt\/wp-json\/wp\/v2\/posts"}],"about":[{"href":"https:\/\/www.europesays.com\/pt\/wp-json\/wp\/v2\/types\/post"}],"author":[{"embeddable":true,"href":"https:\/\/www.europesays.com\/pt\/wp-json\/wp\/v2\/users\/2"}],"replies":[{"embeddable":true,"href":"https:\/\/www.europesays.com\/pt\/wp-json\/wp\/v2\/comments?post=64588"}],"version-history":[{"count":0,"href":"https:\/\/www.europesays.com\/pt\/wp-json\/wp\/v2\/posts\/64588\/revisions"}],"wp:featuredmedia":[{"embeddable":true,"href":"https:\/\/www.europesays.com\/pt\/wp-json\/wp\/v2\/media\/64589"}],"wp:attachment":[{"href":"https:\/\/www.europesays.com\/pt\/wp-json\/wp\/v2\/media?parent=64588"}],"wp:term":[{"taxonomy":"category","embeddable":true,"href":"https:\/\/www.europesays.com\/pt\/wp-json\/wp\/v2\/categories?post=64588"},{"taxonomy":"post_tag","embeddable":true,"href":"https:\/\/www.europesays.com\/pt\/wp-json\/wp\/v2\/tags?post=64588"}],"curies":[{"name":"wp","href":"https:\/\/api.w.org\/{rel}","templated":true}]}}