{"id":64594,"date":"2025-09-09T16:27:06","date_gmt":"2025-09-09T16:27:06","guid":{"rendered":"https:\/\/www.europesays.com\/pt\/64594\/"},"modified":"2025-09-09T16:27:06","modified_gmt":"2025-09-09T16:27:06","slug":"comissao-europeia-anuncia-proposta-robusta-para-prevenir-incendios","status":"publish","type":"post","link":"https:\/\/www.europesays.com\/pt\/64594\/","title":{"rendered":"Comiss\u00e3o Europeia anuncia proposta &#8220;robusta&#8221; para prevenir inc\u00eandios"},"content":{"rendered":"<p>&#8220;A mensagem deste ver\u00e3o foi clara: a Europa tem de fazer mais no que diz respeito \u00e0 preven\u00e7\u00e3o dos inc\u00eandios&#8221;, disse a comiss\u00e1ria europeia para a Ajuda Humanit\u00e1ria e Gest\u00e3o de Crises, Hadja Lahbib, no Parlamento Europeu, em Estrasburgo, em Fran\u00e7a, anunciando, perante os deputados, &#8220;decis\u00f5es robustas&#8221; para ajudar na preven\u00e7\u00e3o dos inc\u00eandios florestais.<\/p>\n<p data-remotead-prev-elm=\"true\" data-remotead-elm-id=\"inread\">No entanto, Hadja Lahbib disse que este &#8220;quadro ambicioso&#8221;, em princ\u00edpio, s\u00f3 vai ser adotado &#8220;na segunda metade do pr\u00f3ximo ano&#8221;, ou seja, j\u00e1 depois da pr\u00f3xima \u00e9poca cr\u00edtica de inc\u00eandios, no ver\u00e3o de 2026.<\/p>\n<p>Hadja Lahbib disse que foi um &#8220;ver\u00e3o de recordes em inc\u00eandios florestais&#8221;, com uma \u00e1rea ardida maior &#8220;do que a B\u00e9lgica&#8221;, que \u00e9 o pa\u00eds da comiss\u00e1ria europeia. A comiss\u00e1ria considerou que tamb\u00e9m foi &#8220;um ver\u00e3o de a\u00e7\u00e3o e solidariedade&#8221; por parte dos 27 pa\u00edses do bloco pol\u00edtico-econ\u00f3mico europeu.<\/p>\n<p data-remotead-prev-elm=\"true\" data-remotead-elm-id=\"centro1\">Portugal, Espanha, It\u00e1lia e Gr\u00e9cia foram os pa\u00edses mais afetados pelos inc\u00eandios florestais, no &#8220;continente que mais aquece e que desde a d\u00e9cada de 1980 aquece ao dobro da m\u00e9dia global&#8221;.<\/p>\n<p>Em nome da presid\u00eancia semestral do Conselho da Uni\u00e3o Europeia, assumida pela Dinamarca at\u00e9 fim do ano, a ministra dinamarquesa dos Assuntos Europeus, Marie Bjerre, alertou para os mais de 500.000 hectares que arderam este ano, &#8220;a maior superf\u00edcie alguma vez registada&#8221;.<\/p>\n<p data-remotead-prev-elm=\"true\" data-remotead-elm-id=\"centro2\">&#8220;\u00c9 o novo normal, \u00e9 uma consequ\u00eancia das altera\u00e7\u00f5es clim\u00e1ticas e n\u00e3o \u00e9 coincid\u00eancia que [os maiores inc\u00eandios] se registaram no ver\u00e3o mais quente&#8221;, considerou.<\/p>\n","protected":false},"excerpt":{"rendered":"&#8220;A mensagem deste ver\u00e3o foi clara: a Europa tem de fazer mais no que diz respeito \u00e0 preven\u00e7\u00e3o&hellip;\n","protected":false},"author":2,"featured_media":64595,"comment_status":"","ping_status":"","sticky":false,"template":"","format":"standard","meta":{"footnotes":""},"categories":[10],"tags":[27,28,15,16,14,25,26,21,22,12,13,19,20,32,23,24,33,17,18,29,30,31],"class_list":{"0":"post-64594","1":"post","2":"type-post","3":"status-publish","4":"format-standard","5":"has-post-thumbnail","7":"category-portugal","8":"tag-breaking-news","9":"tag-breakingnews","10":"tag-featured-news","11":"tag-featurednews","12":"tag-headlines","13":"tag-latest-news","14":"tag-latestnews","15":"tag-main-news","16":"tag-mainnews","17":"tag-news","18":"tag-noticias","19":"tag-noticias-principais","20":"tag-noticiasprincipais","21":"tag-portugal","22":"tag-principais-noticias","23":"tag-principaisnoticias","24":"tag-pt","25":"tag-top-stories","26":"tag-topstories","27":"tag-ultimas","28":"tag-ultimas-noticias","29":"tag-ultimasnoticias"},"share_on_mastodon":{"url":"","error":""},"_links":{"self":[{"href":"https:\/\/www.europesays.com\/pt\/wp-json\/wp\/v2\/posts\/64594","targetHints":{"allow":["GET"]}}],"collection":[{"href":"https:\/\/www.europesays.com\/pt\/wp-json\/wp\/v2\/posts"}],"about":[{"href":"https:\/\/www.europesays.com\/pt\/wp-json\/wp\/v2\/types\/post"}],"author":[{"embeddable":true,"href":"https:\/\/www.europesays.com\/pt\/wp-json\/wp\/v2\/users\/2"}],"replies":[{"embeddable":true,"href":"https:\/\/www.europesays.com\/pt\/wp-json\/wp\/v2\/comments?post=64594"}],"version-history":[{"count":0,"href":"https:\/\/www.europesays.com\/pt\/wp-json\/wp\/v2\/posts\/64594\/revisions"}],"wp:featuredmedia":[{"embeddable":true,"href":"https:\/\/www.europesays.com\/pt\/wp-json\/wp\/v2\/media\/64595"}],"wp:attachment":[{"href":"https:\/\/www.europesays.com\/pt\/wp-json\/wp\/v2\/media?parent=64594"}],"wp:term":[{"taxonomy":"category","embeddable":true,"href":"https:\/\/www.europesays.com\/pt\/wp-json\/wp\/v2\/categories?post=64594"},{"taxonomy":"post_tag","embeddable":true,"href":"https:\/\/www.europesays.com\/pt\/wp-json\/wp\/v2\/tags?post=64594"}],"curies":[{"name":"wp","href":"https:\/\/api.w.org\/{rel}","templated":true}]}}