{"id":64619,"date":"2025-09-09T16:56:07","date_gmt":"2025-09-09T16:56:07","guid":{"rendered":"https:\/\/www.europesays.com\/pt\/64619\/"},"modified":"2025-09-09T16:56:07","modified_gmt":"2025-09-09T16:56:07","slug":"liga-froholdt-eleito-melhor-medio-logo-no-mes-de-estreia","status":"publish","type":"post","link":"https:\/\/www.europesays.com\/pt\/64619\/","title":{"rendered":"Liga: Froholdt eleito melhor m\u00e9dio logo no m\u00eas de estreia"},"content":{"rendered":"<p style=\"margin-bottom:11px\">Victor Froholdt foi eleito o melhor m\u00e9dio da Liga no m\u00eas de agosto.<\/p>\n<p>O jogador do FC Porto foi claramente o mais votado, com 39,68 por cento das prefer\u00eancias dos treinadores do campeonato.<\/p>\n<p>Refor\u00e7o dos drag\u00f5es para esta temporada, o internacional dinamarqu\u00eas mereceu a titularidade nas quatro vit\u00f3rias da equipa de Francesco Farioli nas primeiras quatro jornadas da Liga. Neste per\u00edodo, contribuiu com um golo e uma assist\u00eancia.<\/p>\n<p>Atr\u00e1s de Froholdt, ficou Lu\u00eds Esteves, m\u00e9dio do Gil Vicente, que recolheu 11,11 por cento dos votos. J\u00e1 Fredrik Aursnes, do Benfica, completou o p\u00f3dio (7,14 por cento).<\/p>\n<blockquote class=\"twitter-tweet\">\n<p lang=\"pt\">Deixem passar o HeyDoc \ud835\udde0\ud835\uddf2\u0301\ud835\uddf1\ud835\uddf6\ud835\uddfc \ud835\uddf1\ud835\uddfc \ud835\uddfa\ud835\uddf2\u0302\ud835\ude00 \ud83e\udee1<\/p>\n<p>O impacto \ud83d\udca5 imediato de \ud835\uddd9\ud835\uddff\ud835\uddfc\ud835\uddf5\ud835\uddfc\ud835\uddf9\ud835\uddf1\ud835\ude01 resultou no \ud83c\udfc6 de agosto! Votavas igual aos treinadores?<a href=\"https:\/\/twitter.com\/hashtag\/LigaPortugalBetclic?src=hash&amp;ref_src=twsrc%5Etfw\" rel=\"nofollow noopener\" target=\"_blank\">#LigaPortugalBetclic<\/a> <a href=\"https:\/\/twitter.com\/hashtag\/FCP?src=hash&amp;ref_src=twsrc%5Etfw\" rel=\"nofollow noopener\" target=\"_blank\">#FCP<\/a> <a href=\"https:\/\/t.co\/FxfZY1G8g5\" rel=\"nofollow\">pic.twitter.com\/FxfZY1G8g5<\/a><\/p>\n<p> \u2014 Liga Portugal (@ligaportugal)<br \/>\n  <a href=\"https:\/\/twitter.com\/ligaportugal\/status\/1965377303686582535?ref_src=twsrc%5Etfw\" rel=\"nofollow noopener\" target=\"_blank\">September 9, 2025<\/a>\n <\/p><\/blockquote>\n<p>                                <script async src=\"https:\/\/platform.twitter.com\/widgets.js\" charset=\"utf-8\"><\/script><\/p>\n","protected":false},"excerpt":{"rendered":"Victor Froholdt foi eleito o melhor m\u00e9dio da Liga no m\u00eas de agosto. O jogador do FC Porto&hellip;\n","protected":false},"author":2,"featured_media":64620,"comment_status":"","ping_status":"","sticky":false,"template":"","format":"standard","meta":{"footnotes":""},"categories":[87],"tags":[9063,51,135,282,9112,36,17802,46,17801,32,33,47,134,961],"class_list":{"0":"post-64619","1":"post","2":"type-post","3":"status-publish","4":"format-standard","5":"has-post-thumbnail","7":"category-desporto","8":"tag-aursnes","9":"tag-benfica","10":"tag-desporto","11":"tag-fc-porto","12":"tag-gil-vicente","13":"tag-liga","14":"tag-luis-esteves","15":"tag-maisfutebol","16":"tag-medio-do-mes","17":"tag-portugal","18":"tag-pt","19":"tag-pura-paixao","20":"tag-sports","21":"tag-victor-froholdt"},"share_on_mastodon":{"url":"","error":""},"_links":{"self":[{"href":"https:\/\/www.europesays.com\/pt\/wp-json\/wp\/v2\/posts\/64619","targetHints":{"allow":["GET"]}}],"collection":[{"href":"https:\/\/www.europesays.com\/pt\/wp-json\/wp\/v2\/posts"}],"about":[{"href":"https:\/\/www.europesays.com\/pt\/wp-json\/wp\/v2\/types\/post"}],"author":[{"embeddable":true,"href":"https:\/\/www.europesays.com\/pt\/wp-json\/wp\/v2\/users\/2"}],"replies":[{"embeddable":true,"href":"https:\/\/www.europesays.com\/pt\/wp-json\/wp\/v2\/comments?post=64619"}],"version-history":[{"count":0,"href":"https:\/\/www.europesays.com\/pt\/wp-json\/wp\/v2\/posts\/64619\/revisions"}],"wp:featuredmedia":[{"embeddable":true,"href":"https:\/\/www.europesays.com\/pt\/wp-json\/wp\/v2\/media\/64620"}],"wp:attachment":[{"href":"https:\/\/www.europesays.com\/pt\/wp-json\/wp\/v2\/media?parent=64619"}],"wp:term":[{"taxonomy":"category","embeddable":true,"href":"https:\/\/www.europesays.com\/pt\/wp-json\/wp\/v2\/categories?post=64619"},{"taxonomy":"post_tag","embeddable":true,"href":"https:\/\/www.europesays.com\/pt\/wp-json\/wp\/v2\/tags?post=64619"}],"curies":[{"name":"wp","href":"https:\/\/api.w.org\/{rel}","templated":true}]}}