{"id":64785,"date":"2025-09-09T19:12:09","date_gmt":"2025-09-09T19:12:09","guid":{"rendered":"https:\/\/www.europesays.com\/pt\/64785\/"},"modified":"2025-09-09T19:12:09","modified_gmt":"2025-09-09T19:12:09","slug":"hotel-desenhado-por-arquiteto-de-esposende-ganha-premio-internacional","status":"publish","type":"post","link":"https:\/\/www.europesays.com\/pt\/64785\/","title":{"rendered":"Hotel desenhado por arquiteto de Esposende ganha pr\u00e9mio internacional"},"content":{"rendered":"<p>O PF Architecture Studio, gabinete de arquitetura sediado em Esposende, foi distinguido com o prestigiado pr\u00e9mio internacional Loop Design Awards 2025, nas categorias de Hotelaria e Hot\u00e9is e de Reabilita\u00e7\u00f5es, pelo projeto The Farm, unidade tur\u00edstica localizada em Ponta Delgada, A\u00e7ores.<\/p>\n<p>Em comunicado, o gabinete de arquitetura considera que, \u201cde por um lado, este reconhecimento internacional exponencia o valor do atelier no contexto da arquitetura contempor\u00e2nea, por outro lado, tamb\u00e9m valoriza a qualidade da arquitetura portuguesa e a singularidade do territ\u00f3rio a\u00e7oriano\u201d.<\/p>\n<p>Inaugurado em 2024, o The Farm resulta da reabilita\u00e7\u00e3o de uma antiga casa de fam\u00edlia, que se estendia em dire\u00e7\u00e3o ao bananal, agora transformada num espa\u00e7o de turismo de experi\u00eancia e de charme, que alia design contempor\u00e2neo, tradi\u00e7\u00e3o local e uma forte liga\u00e7\u00e3o \u00e0 natureza.<\/p>\n<p>O projeto destaca-se pela integra\u00e7\u00e3o harmoniosa na paisagem a\u00e7oriana, pelo respeito pelo patrim\u00f3nio constru\u00eddo e pelo foco na experi\u00eancia sensorial e emocional do espa\u00e7o.<\/p>\n<p><img loading=\"lazy\" decoding=\"async\" width=\"683\" height=\"1024\" src=\"https:\/\/www.europesays.com\/pt\/wp-content\/uploads\/2025\/09\/01-2-min-683x1024.jpg\" alt=\"Hotel desenhado por arquiteto de esposende ganha pr\u00e9mio internacional\" class=\"wp-image-610395\" title=\"Hotel desenhado por arquiteto de esposende ganha pr\u00e9mio internacional 6\"  \/>Foto: DR<\/p>\n<p>\u201cEste pr\u00e9mio \u00e9 um orgulho para todos n\u00f3s. Representa o reconhecimento de um trabalho rigoroso e apaixonado, em que procur\u00e1mos criar uma experi\u00eancia \u00fanica para quem visita os A\u00e7ores, respeitando a identidade do lugar e valorizando a arquitetura como ponte entre passado e futuro\u201d, afirma o arquiteto Pedro Ferreira, autor e coordenador da equipa de projeto, citado no comunicado.<\/p>\n<p><img loading=\"lazy\" decoding=\"async\" width=\"1024\" height=\"1024\" src=\"https:\/\/www.europesays.com\/pt\/wp-content\/uploads\/2025\/09\/JM_PF_TheFarm_080-min-1024x1024.jpg\" alt=\"Hotel desenhado por arquiteto de esposende ganha pr\u00e9mio internacional\" class=\"wp-image-610398\" title=\"Hotel desenhado por arquiteto de esposende ganha pr\u00e9mio internacional 7\"  \/>Foto: DR<\/p>\n<p>O Loop Design Awards \u00e9 um dos mais relevantes pr\u00e9mios internacionais de arquitetura e design, distinguindo projetos de excel\u00eancia em todo o mundo.<\/p>\n<p><img loading=\"lazy\" decoding=\"async\" width=\"1024\" height=\"683\" src=\"https:\/\/www.europesays.com\/pt\/wp-content\/uploads\/2025\/09\/JM_PF_TheFarm_069-min-1024x683.jpg\" alt=\"Hotel desenhado por arquiteto de esposende ganha pr\u00e9mio internacional\" class=\"wp-image-610397\" title=\"Hotel desenhado por arquiteto de esposende ganha pr\u00e9mio internacional 8\"  \/>Foto: DR<\/p>\n<p>Fundado em 2015, o PF Architecture Studio desenvolve projetos nas \u00e1reas da arquitetura, com destaque para a reabilita\u00e7\u00e3o de edif\u00edcios.<\/p>\n","protected":false},"excerpt":{"rendered":"O PF Architecture Studio, gabinete de arquitetura sediado em Esposende, foi distinguido com o prestigiado pr\u00e9mio internacional Loop&hellip;\n","protected":false},"author":2,"featured_media":64786,"comment_status":"","ping_status":"","sticky":false,"template":"","format":"standard","meta":{"footnotes":""},"categories":[144],"tags":[207,205,206,203,201,202,204,114,115,32,33],"class_list":{"0":"post-64785","1":"post","2":"type-post","3":"status-publish","4":"format-standard","5":"has-post-thumbnail","7":"category-arte-e-design","8":"tag-arte","9":"tag-arte-e-design","10":"tag-artedesign","11":"tag-arts","12":"tag-arts-and-design","13":"tag-artsanddesign","14":"tag-design","15":"tag-entertainment","16":"tag-entretenimento","17":"tag-portugal","18":"tag-pt"},"share_on_mastodon":{"url":"","error":""},"_links":{"self":[{"href":"https:\/\/www.europesays.com\/pt\/wp-json\/wp\/v2\/posts\/64785","targetHints":{"allow":["GET"]}}],"collection":[{"href":"https:\/\/www.europesays.com\/pt\/wp-json\/wp\/v2\/posts"}],"about":[{"href":"https:\/\/www.europesays.com\/pt\/wp-json\/wp\/v2\/types\/post"}],"author":[{"embeddable":true,"href":"https:\/\/www.europesays.com\/pt\/wp-json\/wp\/v2\/users\/2"}],"replies":[{"embeddable":true,"href":"https:\/\/www.europesays.com\/pt\/wp-json\/wp\/v2\/comments?post=64785"}],"version-history":[{"count":0,"href":"https:\/\/www.europesays.com\/pt\/wp-json\/wp\/v2\/posts\/64785\/revisions"}],"wp:featuredmedia":[{"embeddable":true,"href":"https:\/\/www.europesays.com\/pt\/wp-json\/wp\/v2\/media\/64786"}],"wp:attachment":[{"href":"https:\/\/www.europesays.com\/pt\/wp-json\/wp\/v2\/media?parent=64785"}],"wp:term":[{"taxonomy":"category","embeddable":true,"href":"https:\/\/www.europesays.com\/pt\/wp-json\/wp\/v2\/categories?post=64785"},{"taxonomy":"post_tag","embeddable":true,"href":"https:\/\/www.europesays.com\/pt\/wp-json\/wp\/v2\/tags?post=64785"}],"curies":[{"name":"wp","href":"https:\/\/api.w.org\/{rel}","templated":true}]}}