{"id":64821,"date":"2025-09-09T19:53:11","date_gmt":"2025-09-09T19:53:11","guid":{"rendered":"https:\/\/www.europesays.com\/pt\/64821\/"},"modified":"2025-09-09T19:53:11","modified_gmt":"2025-09-09T19:53:11","slug":"temperaturas-voltam-a-aumentar-para-mais-de-30-graus-a-partir-do-fim-de-semana","status":"publish","type":"post","link":"https:\/\/www.europesays.com\/pt\/64821\/","title":{"rendered":"Temperaturas voltam a aumentar para mais de 30 graus a partir do fim de semana"},"content":{"rendered":"<p>Em comunicado, o IPMA refere que, at\u00e9 quinta-feira, o tempo ser\u00e1 condicionado por uma corrente de oeste, associada a ondula\u00e7\u00f5es frontais de fraca atividade, que trar\u00e3o precipita\u00e7\u00e3o, sobretudo na quarta-feira e em especial nas regi\u00f5es Norte e Centro.<\/p>\n<p data-remotead-prev-elm=\"true\" data-remotead-elm-id=\"inread\">Na quinta-feira este cen\u00e1rio ficar\u00e1 restrito ao Minho e Douro Litoral, acrescenta a nota.<\/p>\n<p>A partir da tarde de sexta-feira, e at\u00e9 dia 16, &#8220;a intensifica\u00e7\u00e3o da crista anticicl\u00f3nica dever\u00e1 proporcionar c\u00e9u pouco nublado ou limpo, ainda que com neblinas e nevoeiros matinais no litoral a norte do Cabo Raso, situa\u00e7\u00e3o que poder\u00e1 persistir no Minho durante alguns dias.<\/p>\n<p data-remotead-prev-elm=\"true\" data-remotead-elm-id=\"centro1\">As temperaturas m\u00e1ximas, que se mant\u00eam abaixo da m\u00e9dia para a \u00e9poca, v\u00e3o subir ligeiramente na quinta-feira, com exce\u00e7\u00e3o do Minho, Douro Litoral e da faixa costeira a norte do Cabo da Roca.<\/p>\n<p>O IPMA refere ainda que est\u00e1 prevista uma nova subida, mais significativa e generalizada, no domingo.<\/p>\n<p data-remotead-prev-elm=\"true\" data-remotead-elm-id=\"centro2\">Segundo as previs\u00f5es, nos dias 14 e 15, os term\u00f3metros dever\u00e3o oscilar entre os 30 e 35 graus no Sul, no vale do Tejo e em alguns pontos do interior Norte e Centro, &#8220;valores acima do normal para esta altura do ano.<\/p>\n<p>No restante territ\u00f3rio, as m\u00e1ximas dever\u00e3o manter-se abaixo dos 30 graus.<\/p>\n","protected":false},"excerpt":{"rendered":"Em comunicado, o IPMA refere que, at\u00e9 quinta-feira, o tempo ser\u00e1 condicionado por uma corrente de oeste, associada&hellip;\n","protected":false},"author":2,"featured_media":64822,"comment_status":"","ping_status":"","sticky":false,"template":"","format":"standard","meta":{"footnotes":""},"categories":[10],"tags":[27,28,15,16,14,25,26,21,22,12,13,19,20,32,23,24,33,17,18,29,30,31],"class_list":{"0":"post-64821","1":"post","2":"type-post","3":"status-publish","4":"format-standard","5":"has-post-thumbnail","7":"category-portugal","8":"tag-breaking-news","9":"tag-breakingnews","10":"tag-featured-news","11":"tag-featurednews","12":"tag-headlines","13":"tag-latest-news","14":"tag-latestnews","15":"tag-main-news","16":"tag-mainnews","17":"tag-news","18":"tag-noticias","19":"tag-noticias-principais","20":"tag-noticiasprincipais","21":"tag-portugal","22":"tag-principais-noticias","23":"tag-principaisnoticias","24":"tag-pt","25":"tag-top-stories","26":"tag-topstories","27":"tag-ultimas","28":"tag-ultimas-noticias","29":"tag-ultimasnoticias"},"share_on_mastodon":{"url":"","error":""},"_links":{"self":[{"href":"https:\/\/www.europesays.com\/pt\/wp-json\/wp\/v2\/posts\/64821","targetHints":{"allow":["GET"]}}],"collection":[{"href":"https:\/\/www.europesays.com\/pt\/wp-json\/wp\/v2\/posts"}],"about":[{"href":"https:\/\/www.europesays.com\/pt\/wp-json\/wp\/v2\/types\/post"}],"author":[{"embeddable":true,"href":"https:\/\/www.europesays.com\/pt\/wp-json\/wp\/v2\/users\/2"}],"replies":[{"embeddable":true,"href":"https:\/\/www.europesays.com\/pt\/wp-json\/wp\/v2\/comments?post=64821"}],"version-history":[{"count":0,"href":"https:\/\/www.europesays.com\/pt\/wp-json\/wp\/v2\/posts\/64821\/revisions"}],"wp:featuredmedia":[{"embeddable":true,"href":"https:\/\/www.europesays.com\/pt\/wp-json\/wp\/v2\/media\/64822"}],"wp:attachment":[{"href":"https:\/\/www.europesays.com\/pt\/wp-json\/wp\/v2\/media?parent=64821"}],"wp:term":[{"taxonomy":"category","embeddable":true,"href":"https:\/\/www.europesays.com\/pt\/wp-json\/wp\/v2\/categories?post=64821"},{"taxonomy":"post_tag","embeddable":true,"href":"https:\/\/www.europesays.com\/pt\/wp-json\/wp\/v2\/tags?post=64821"}],"curies":[{"name":"wp","href":"https:\/\/api.w.org\/{rel}","templated":true}]}}