{"id":64835,"date":"2025-09-09T20:07:08","date_gmt":"2025-09-09T20:07:08","guid":{"rendered":"https:\/\/www.europesays.com\/pt\/64835\/"},"modified":"2025-09-09T20:07:08","modified_gmt":"2025-09-09T20:07:08","slug":"pj-deteve-homem-que-incitava-a-morte-contra-imigrantes-brasileiros-nas-redes-sociais","status":"publish","type":"post","link":"https:\/\/www.europesays.com\/pt\/64835\/","title":{"rendered":"PJ deteve homem que incitava \u00e0 morte contra imigrantes brasileiros nas redes sociais"},"content":{"rendered":"<p>A PJ deteve um homem que incitava \u00e0 morte contra imigrantes brasileiros nas redes sociais. O suspeito filmou-se no interior de uma viatura a garantir que <strong>pagava<\/strong><strong> &#8220;<\/strong><strong>500 euros a cada portugu\u00eas que lhe trouxer a cabe\u00e7a de um brasileiro<\/strong><strong>&#8220;<\/strong>. Logo ap\u00f3s a divulga\u00e7\u00e3o do v\u00eddeo, h\u00e1 cerca de uma semana, <a href=\"https:\/\/www.cmjornal.pt\/portugal\/detalhe\/pago-500-euros-pela-cabeca-de-um-brasileiro-faz-video-a-oferecer-dinheiro-pela-morte-de-estrangeiros-e-e-despedido\" target=\"_blank\" rel=\"noopener noreferrer nofollow\">foi despedido de uma padaria<\/a> onde trabalhava em Aveiro.<\/p>\n<p>Agora, a Judici\u00e1ria revela que atrav\u00e9s da Diretoria do Norte, no \u00e2mbito de um inqu\u00e9rito titulado pelo DIAP de Santa Maria da Feira, deteve, fora de flagrante delito, este homem de 56 anos.<\/p>\n<p>As autoridades confirmam que nessas publica\u00e7\u00f5es no Instagram o detido surge a oferecer dinheiro a &#8220;quem atentar, de forma b\u00e1rbara, contra a vida de determinados cidad\u00e3os estrangeiros&#8221;, assim&#8221; afetando gravemente o sentimento de tranquilidade e de seguran\u00e7a na comunidade que, movidos por crescente onda de indigna\u00e7\u00e3o e repulsa, replicaram den\u00fancias junto das autoridades&#8221;.<\/p>\n<p>Segundo a PJ, <strong>a divulga\u00e7\u00e3o do referido v\u00eddeo &#8220;tornou-se viral, mobilizando a opini\u00e3o p\u00fablica, nos seus v\u00e1rios quadrantes, provocando forte alarme social&#8221;. <\/strong>E garantindo que j\u00e1 se encontrava a investigar o suspeito antes de receber as den\u00fancias, tendo estas apenas imagens &#8220;corroborado a gravidade da conduta do suspeito&#8221;.<\/p>\n<p style=\"text-align: start;\">O detido, com antecedentes policiais por crimes contra o patrim\u00f3nio, vai ser presente \u00e0 autoridade judici\u00e1ria para interrogat\u00f3rio e aplica\u00e7\u00e3o das medidas de coa\u00e7\u00e3o tidas por adequadas.<\/p>\n","protected":false},"excerpt":{"rendered":"A PJ deteve um homem que incitava \u00e0 morte contra imigrantes brasileiros nas redes sociais. O suspeito filmou-se&hellip;\n","protected":false},"author":2,"featured_media":64836,"comment_status":"","ping_status":"","sticky":false,"template":"","format":"standard","meta":{"footnotes":""},"categories":[10],"tags":[27,28,15,16,14,25,26,21,22,12,13,19,20,32,23,24,33,17,18,29,30,31],"class_list":{"0":"post-64835","1":"post","2":"type-post","3":"status-publish","4":"format-standard","5":"has-post-thumbnail","7":"category-portugal","8":"tag-breaking-news","9":"tag-breakingnews","10":"tag-featured-news","11":"tag-featurednews","12":"tag-headlines","13":"tag-latest-news","14":"tag-latestnews","15":"tag-main-news","16":"tag-mainnews","17":"tag-news","18":"tag-noticias","19":"tag-noticias-principais","20":"tag-noticiasprincipais","21":"tag-portugal","22":"tag-principais-noticias","23":"tag-principaisnoticias","24":"tag-pt","25":"tag-top-stories","26":"tag-topstories","27":"tag-ultimas","28":"tag-ultimas-noticias","29":"tag-ultimasnoticias"},"share_on_mastodon":{"url":"","error":""},"_links":{"self":[{"href":"https:\/\/www.europesays.com\/pt\/wp-json\/wp\/v2\/posts\/64835","targetHints":{"allow":["GET"]}}],"collection":[{"href":"https:\/\/www.europesays.com\/pt\/wp-json\/wp\/v2\/posts"}],"about":[{"href":"https:\/\/www.europesays.com\/pt\/wp-json\/wp\/v2\/types\/post"}],"author":[{"embeddable":true,"href":"https:\/\/www.europesays.com\/pt\/wp-json\/wp\/v2\/users\/2"}],"replies":[{"embeddable":true,"href":"https:\/\/www.europesays.com\/pt\/wp-json\/wp\/v2\/comments?post=64835"}],"version-history":[{"count":0,"href":"https:\/\/www.europesays.com\/pt\/wp-json\/wp\/v2\/posts\/64835\/revisions"}],"wp:featuredmedia":[{"embeddable":true,"href":"https:\/\/www.europesays.com\/pt\/wp-json\/wp\/v2\/media\/64836"}],"wp:attachment":[{"href":"https:\/\/www.europesays.com\/pt\/wp-json\/wp\/v2\/media?parent=64835"}],"wp:term":[{"taxonomy":"category","embeddable":true,"href":"https:\/\/www.europesays.com\/pt\/wp-json\/wp\/v2\/categories?post=64835"},{"taxonomy":"post_tag","embeddable":true,"href":"https:\/\/www.europesays.com\/pt\/wp-json\/wp\/v2\/tags?post=64835"}],"curies":[{"name":"wp","href":"https:\/\/api.w.org\/{rel}","templated":true}]}}