{"id":64970,"date":"2025-09-09T22:11:10","date_gmt":"2025-09-09T22:11:10","guid":{"rendered":"https:\/\/www.europesays.com\/pt\/64970\/"},"modified":"2025-09-09T22:11:10","modified_gmt":"2025-09-09T22:11:10","slug":"gisele-bundchen-curte-passeio-de-iate-com-filha-de-donald-trump-veja-fotos","status":"publish","type":"post","link":"https:\/\/www.europesays.com\/pt\/64970\/","title":{"rendered":"Gisele B\u00fcndchen curte passeio de iate com filha de Donald Trump; veja fotos"},"content":{"rendered":"<p>O instrutor de jiu-j\u00edtsu <strong>Joaquim Valente<\/strong>, 35, namorado da brasileira, e as filhas mais velhas da modelo, <strong>Vivian Lake<\/strong>, 14, e da empres\u00e1ria, <strong>Arabella Rose<\/strong>, 12, tamb\u00e9m estavam no barco. <\/p>\n<p>Gisele e Ivanka vestiam um look parecido, com um biqu\u00edni preto, \u00f3culos de sol e uma sa\u00edda de praia colorida. Essa n\u00e3o \u00e9 a primeira vez que as duas passeiam juntas. Em abril deste ano, as duas foram fotografadas em uma praia da Costa Rica. <\/p>\n","protected":false},"excerpt":{"rendered":"O instrutor de jiu-j\u00edtsu Joaquim Valente, 35, namorado da brasileira, e as filhas mais velhas da modelo, Vivian&hellip;\n","protected":false},"author":2,"featured_media":64971,"comment_status":"","ping_status":"","sticky":false,"template":"","format":"standard","meta":{"footnotes":"","_share_on_mastodon":"0"},"categories":[145],"tags":[9943,17916,11809,5481,17917,5486,7359,211,210,17918,7669,17919,17920,17921,12589,17922,17923,114,115,4190,7673,1098,17924,7764,12593,7766,4191,181,116,389,17925,12598,11404,17926,186,12603,7677,4260,17927,17928,4201,32,17929,33,17930,17931,17932,195,17933,17934,17935,14317,1810,200,5514],"class_list":["post-64970","post","type-post","status-publish","format-standard","has-post-thumbnail","category-celebridades","tag-baby","tag-bathrobe","tag-beautiful","tag-beauty","tag-bonding","tag-care","tag-caucasian","tag-celebridades","tag-celebrities","tag-cheerful","tag-child","tag-childhood","tag-clean","tag-cucumber","tag-cute","tag-daughter","tag-drinking-glass","tag-entertainment","tag-entretenimento","tag-face","tag-family","tag-female","tag-foot-bath","tag-fun","tag-funny","tag-girl","tag-hair","tag-happy","tag-health","tag-healthy","tag-hygiene","tag-indoor","tag-kid","tag-leisure-activity","tag-lifestyle","tag-little","tag-love","tag-manicure","tag-nail-polish","tag-pleased","tag-portrait","tag-portugal","tag-princess","tag-pt","tag-relaxation","tag-serbia","tag-skincare","tag-smile","tag-soaking","tag-spa","tag-toddler","tag-together","tag-white","tag-woman","tag-young"],"share_on_mastodon":{"url":"","error":""},"_links":{"self":[{"href":"https:\/\/www.europesays.com\/pt\/wp-json\/wp\/v2\/posts\/64970","targetHints":{"allow":["GET"]}}],"collection":[{"href":"https:\/\/www.europesays.com\/pt\/wp-json\/wp\/v2\/posts"}],"about":[{"href":"https:\/\/www.europesays.com\/pt\/wp-json\/wp\/v2\/types\/post"}],"author":[{"embeddable":true,"href":"https:\/\/www.europesays.com\/pt\/wp-json\/wp\/v2\/users\/2"}],"replies":[{"embeddable":true,"href":"https:\/\/www.europesays.com\/pt\/wp-json\/wp\/v2\/comments?post=64970"}],"version-history":[{"count":0,"href":"https:\/\/www.europesays.com\/pt\/wp-json\/wp\/v2\/posts\/64970\/revisions"}],"wp:featuredmedia":[{"embeddable":true,"href":"https:\/\/www.europesays.com\/pt\/wp-json\/wp\/v2\/media\/64971"}],"wp:attachment":[{"href":"https:\/\/www.europesays.com\/pt\/wp-json\/wp\/v2\/media?parent=64970"}],"wp:term":[{"taxonomy":"category","embeddable":true,"href":"https:\/\/www.europesays.com\/pt\/wp-json\/wp\/v2\/categories?post=64970"},{"taxonomy":"post_tag","embeddable":true,"href":"https:\/\/www.europesays.com\/pt\/wp-json\/wp\/v2\/tags?post=64970"}],"curies":[{"name":"wp","href":"https:\/\/api.w.org\/{rel}","templated":true}]}}