{"id":65270,"date":"2025-09-10T04:13:07","date_gmt":"2025-09-10T04:13:07","guid":{"rendered":"https:\/\/www.europesays.com\/pt\/65270\/"},"modified":"2025-09-10T04:13:07","modified_gmt":"2025-09-10T04:13:07","slug":"dubai-pode-ganhar-a-primeira-construcao-pendurada-no-espaco-do-mundo-um-arranha-ceu-suspenso-no-ceu-de-cabeca-para-baixo-preso-a-um-asteroide-e-com-32-mil-metros-de-altura","status":"publish","type":"post","link":"https:\/\/www.europesays.com\/pt\/65270\/","title":{"rendered":"Dubai pode ganhar a primeira constru\u00e7\u00e3o pendurada no espa\u00e7o do mundo: um arranha-c\u00e9u suspenso no c\u00e9u,\u00a0 de cabe\u00e7a para baixo, preso a um asteroide e com 32 mil metros de altura"},"content":{"rendered":"<p>Torre Analemma: o arranha-c\u00e9u que desafiaria a gravidade e ficaria pendurado no c\u00e9u. Dubai pode ser palco da obra mais ousada da hist\u00f3ria da constru\u00e7\u00e3o moderna.<\/p>\n<p>A obra de constru\u00e7\u00e3o mais insana do mundo! Imagine olhar para o horizonte de\u00a0<strong>Dubai<\/strong>\u00a0e ver, acima do Burj Khalifa, uma nova estrutura que n\u00e3o parte do solo, mas desce do espa\u00e7o. Essa \u00e9 a vis\u00e3o proposta pelo est\u00fadio nova-iorquino\u00a0<strong><a href=\"https:\/\/clickpetroleoegas.com.br\/faca-um-curso-tecnico-sem-gastar-r-1-real-instituto-federal-liberou-17-mil-vagas-em-cursos-tecnicos-gratuitos-em-petroleo-e-gas-administracao-seguranca-do-trabalho-e-mais-no-rio-de-janeiro-fcmo87\/\" rel=\"nofollow noopener\" target=\"_blank\">Clouds Architecture Office<\/a><\/strong>, respons\u00e1vel por um conceito que tem provocado debates no mundo da engenharia e da arquitetura: a\u00a0<strong>Torre Analemma<\/strong>, um\u00a0<strong>arranha-c\u00e9u<\/strong> que estaria preso a um asteroide em \u00f3rbita.<\/p>\n<p>O projeto soa futurista e at\u00e9 fantasioso, mas levanta quest\u00f5es reais sobre o futuro da\u00a0<strong>constru\u00e7\u00e3o<\/strong>\u00a0e da vida urbana no planeta.<\/p>\n<p>Uma funda\u00e7\u00e3o que come\u00e7a no espa\u00e7o<\/p>\n<p>Ao contr\u00e1rio de qualquer\u00a0<strong>obra<\/strong>\u00a0j\u00e1 imaginada na Terra, a Analemma prop\u00f5e inverter completamente a l\u00f3gica da engenharia civil. <\/p>\n<p>        \u2014 ARTIGO CONTINUA ABAIXO \u2014<\/p>\n<p>O edif\u00edcio n\u00e3o teria funda\u00e7\u00f5es fincadas no solo, mas ficaria suspenso em cabos de alta resist\u00eancia conectados a um asteroide colocado em\u00a0<strong>\u00f3rbita geoss\u00edncrona exc\u00eantrica<\/strong>. <\/p>\n<p>Esse sistema, batizado de\u00a0<strong>Universal Orbital Support System (UOSS)<\/strong>, utiliza princ\u00edpios semelhantes aos do elevador espacial, mas de maneira invertida. <\/p>\n<p>\u201cA Analemma Tower inverte o diagrama tradicional de uma funda\u00e7\u00e3o baseada na Terra, dependendo de uma funda\u00e7\u00e3o espacial da qual a torre \u00e9 suspensa\u201d, explica o site oficial do\u00a0<a href=\"https:\/\/cloudsao.com\/ANALEMMA-TOWER?utm_source=chatgpt.com\" rel=\"nofollow noopener\" target=\"_blank\">Clouds Architecture Office<\/a>.<\/p>\n<p>A trajet\u00f3ria orbital e o destino escolhido<\/p>\n<p>O movimento do pr\u00e9dio seria t\u00e3o espetacular quanto sua concep\u00e7\u00e3o. O asteroide descreveria uma \u00f3rbita em forma de oito ao redor do planeta, permitindo que a torre viajasse diariamente entre os hemisf\u00e9rios norte e sul. <\/p>\n<p>Nos pontos em que a velocidade fosse menor, os ocupantes teriam a chance de interagir com a superf\u00edcie. <\/p>\n<p>A rota foi pensada para que o ponto mais lento ocorra sobre Nova York, mas a constru\u00e7\u00e3o inicial foi projetada para\u00a0<strong>Dubai<\/strong>, onde os custos de engenharia de grandes edif\u00edcios chegam a ser cinco vezes menores do que em Manhattan, segundo o\u00a0New York Post.<\/p>\n<p>Energia solar cont\u00ednua e \u00e1gua reciclada<\/p>\n<p>Um dos trunfos do projeto seria sua autossufici\u00eancia. Como a torre estaria posicionada acima da atmosfera, pain\u00e9is solares teriam acesso cont\u00ednuo \u00e0 luz do Sol, garantindo efici\u00eancia energ\u00e9tica muito superior \u00e0s usinas convencionais. <\/p>\n<p>A \u00e1gua tamb\u00e9m seria administrada de forma sustent\u00e1vel, por meio de um sistema semi-fechado de reciclagem, com reabastecimento proveniente da condensa\u00e7\u00e3o das nuvens e da coleta da chuva. <\/p>\n<p>Na pr\u00e1tica, a\u00a0<strong>constru\u00e7\u00e3o<\/strong>\u00a0funcionaria como um ecossistema independente, capaz de sustentar seus moradores sem depender de recursos externos.<\/p>\n<p>O desafio da altura extrema: obra de constru\u00e7\u00e3o\u00a0poderia alcan\u00e7ar impressionantes 32 mil metros<\/p>\n<p>A\u00a0<strong>obra<\/strong>\u00a0poderia alcan\u00e7ar impressionantes 32 mil metros de altitude, ultrapassando qualquer limite j\u00e1 imposto pela engenharia. Essa altura proporcionaria vantagens, como cerca de 45 minutos extras de luz solar por dia, mas tamb\u00e9m traria dificuldades consider\u00e1veis.<\/p>\n<p>Os n\u00edveis mais altos da torre ficariam expostos a temperaturas de at\u00e9 -40 \u00b0C e press\u00e3o atmosf\u00e9rica quase inexistente, condi\u00e7\u00f5es que exigiriam prote\u00e7\u00e3o especial para os ocupantes. <\/p>\n<p>Para o deslocamento interno, a proposta inclui o uso de elevadores eletromagn\u00e9ticos sem cabos, uma tecnologia que eliminaria a limita\u00e7\u00e3o f\u00edsica das constru\u00e7\u00f5es atuais.<\/p>\n<p>Uma vis\u00e3o futurista de constru\u00e7\u00e3o ainda no campo da teoria<\/p>\n<p>Apesar do fasc\u00ednio, a\u00a0<strong>Torre Analemma<\/strong>\u00a0permanece como um exerc\u00edcio conceitual. O engenheiro Ahmad Sabirin Arshad, da SIRIM Berhad, afirmou ao\u00a0Gulf News\u00a0que o projeto \u201c\u00e9 uma ideia radical, mas permanece no campo conceitual por depender de tecnologias ainda indispon\u00edveis em escala pr\u00e1tica\u201d (Gulf News). <\/p>\n<p>Entre os principais obst\u00e1culos est\u00e1 a necessidade de capturar e reposicionar um asteroide em \u00f3rbita est\u00e1vel, algo que a NASA chegou a estudar por meio da\u00a0Asteroid Redirect Mission, mas que acabou sendo cancelado. <\/p>\n<p>Al\u00e9m disso, os cabos necess\u00e1rios para suportar o peso da estrutura s\u00f3 seriam vi\u00e1veis com materiais como nanotubos de carbono ou grafeno, subst\u00e2ncias que ainda n\u00e3o podem ser produzidas em escala industrial.<\/p>\n<p>Um manifesto sobre o futuro da constru\u00e7\u00e3o<\/p>\n<p>Mesmo que nunca saia do papel, a proposta do\u00a0<strong>Clouds Architecture Office<\/strong>\u00a0n\u00e3o deve ser vista apenas como fantasia. Assim como os\u00a0<strong>arranha-c\u00e9us<\/strong>\u00a0redefiniram as cidades no s\u00e9culo XX, ideias como a Torre Analemma funcionam como laborat\u00f3rios conceituais que empurram os limites do que \u00e9 poss\u00edvel. <\/p>\n<p>A vis\u00e3o da\u00a0<strong>Clouds<\/strong>\u00a0\u00e9, acima de tudo, um manifesto sobre a capacidade humana de imaginar e planejar formas radicais de habitar o planeta ou at\u00e9 mesmo o espa\u00e7o.<\/p>\n<p>E voc\u00ea, viveria em um arranha-c\u00e9u pendurado no c\u00e9u? O futuro da arquitetura pode parecer distante, mas projetos como esse nos obrigam a repensar a pr\u00f3pria no\u00e7\u00e3o de cidade e de moradia. O que para muitos soa imposs\u00edvel, para outros \u00e9 apenas uma quest\u00e3o de tempo.<\/p>\n<p>Deixe seu coment\u00e1rio: voc\u00ea moraria em uma torre pendurada a um asteroide? Compartilhe este artigo e leve a discuss\u00e3o adiante.<\/p>\n","protected":false},"excerpt":{"rendered":"Torre Analemma: o arranha-c\u00e9u que desafiaria a gravidade e ficaria pendurado no c\u00e9u. Dubai pode ser palco da&hellip;\n","protected":false},"author":2,"featured_media":65271,"comment_status":"","ping_status":"","sticky":false,"template":"","format":"standard","meta":{"footnotes":""},"categories":[144],"tags":[17973,207,205,206,203,201,202,17974,17975,11850,204,5225,114,115,17976,32,33,17977],"class_list":{"0":"post-65270","1":"post","2":"type-post","3":"status-publish","4":"format-standard","5":"has-post-thumbnail","7":"category-arte-e-design","8":"tag-analemma","9":"tag-arte","10":"tag-arte-e-design","11":"tag-artedesign","12":"tag-arts","13":"tag-arts-and-design","14":"tag-artsanddesign","15":"tag-burj-khalifa","16":"tag-clouds-architecture","17":"tag-construcao","18":"tag-design","19":"tag-dubai","20":"tag-entertainment","21":"tag-entretenimento","22":"tag-obra","23":"tag-portugal","24":"tag-pt","25":"tag-spacesraper"},"share_on_mastodon":{"url":"","error":""},"_links":{"self":[{"href":"https:\/\/www.europesays.com\/pt\/wp-json\/wp\/v2\/posts\/65270","targetHints":{"allow":["GET"]}}],"collection":[{"href":"https:\/\/www.europesays.com\/pt\/wp-json\/wp\/v2\/posts"}],"about":[{"href":"https:\/\/www.europesays.com\/pt\/wp-json\/wp\/v2\/types\/post"}],"author":[{"embeddable":true,"href":"https:\/\/www.europesays.com\/pt\/wp-json\/wp\/v2\/users\/2"}],"replies":[{"embeddable":true,"href":"https:\/\/www.europesays.com\/pt\/wp-json\/wp\/v2\/comments?post=65270"}],"version-history":[{"count":0,"href":"https:\/\/www.europesays.com\/pt\/wp-json\/wp\/v2\/posts\/65270\/revisions"}],"wp:featuredmedia":[{"embeddable":true,"href":"https:\/\/www.europesays.com\/pt\/wp-json\/wp\/v2\/media\/65271"}],"wp:attachment":[{"href":"https:\/\/www.europesays.com\/pt\/wp-json\/wp\/v2\/media?parent=65270"}],"wp:term":[{"taxonomy":"category","embeddable":true,"href":"https:\/\/www.europesays.com\/pt\/wp-json\/wp\/v2\/categories?post=65270"},{"taxonomy":"post_tag","embeddable":true,"href":"https:\/\/www.europesays.com\/pt\/wp-json\/wp\/v2\/tags?post=65270"}],"curies":[{"name":"wp","href":"https:\/\/api.w.org\/{rel}","templated":true}]}}