{"id":65298,"date":"2025-09-10T05:08:07","date_gmt":"2025-09-10T05:08:07","guid":{"rendered":"https:\/\/www.europesays.com\/pt\/65298\/"},"modified":"2025-09-10T05:08:07","modified_gmt":"2025-09-10T05:08:07","slug":"encontro-de-titas-ivete-sangalo-caetano-veloso-e-gilberto-gil-se-reunem-em-gravacao-do-altas-horas","status":"publish","type":"post","link":"https:\/\/www.europesays.com\/pt\/65298\/","title":{"rendered":"Encontro de tit\u00e3s! Ivete Sangalo, Caetano Veloso e Gilberto Gil se re\u00fanem em grava\u00e7\u00e3o do \u2018Altas Horas\u2019"},"content":{"rendered":"<p><strong>Tr\u00eas dos maiores nomes da m\u00fasica brasileira<\/strong> dividiram o mesmo palco nesta ter\u00e7a-feira (9). Os baianos <strong>Ivete Sangalo, Caetano Veloso e Gilberto Gil<\/strong> participaram das grava\u00e7\u00f5es do programa <strong>\u201cAltas Horas\u201d,<\/strong> da TV Globo.<\/p>\n<p>Caetano registrou os bastidores e publicou um v\u00eddeo ao lado de Gil, <strong>onde os dois aparecem ensaiando a can\u00e7\u00e3o \u201cDesde Que o Samba \u00c9 Samba\u201d,<\/strong> parceria consagrada pelos artistas. Ele tamb\u00e9m mostrou um <strong>momento fofo ao lado de Veveta.<\/strong><\/p>\n<blockquote class=\"twitter-tweet\" data-media-max-width=\"560\">\n<p dir=\"ltr\" lang=\"zxx\"><a href=\"https:\/\/t.co\/NQPfE6Edsr\" rel=\"nofollow\">pic.twitter.com\/NQPfE6Edsr<\/a><\/p>\n<p>\u2014 Midia Only (@midiaonly) <a href=\"https:\/\/twitter.com\/midiaonly\/status\/1965546469760663602?ref_src=twsrc%5Etfw\" rel=\"nofollow noopener\" target=\"_blank\">September 9, 2025<\/a><\/p>\n<\/blockquote>\n<p>J\u00e1 Ivete compartilhou em seu perfil no Instagram um trecho em que interpreta <strong>\u201cLua de S\u00e3o Jorge\u201d,<\/strong> composi\u00e7\u00e3o de Veloso.<\/p>\n<blockquote class=\"twitter-tweet\" data-media-max-width=\"560\">\n<p dir=\"ltr\" lang=\"zxx\"><a href=\"https:\/\/t.co\/nd8RL9NPTW\" rel=\"nofollow\">pic.twitter.com\/nd8RL9NPTW<\/a><\/p>\n<p>\u2014 Midia Only (@midiaonly) <a href=\"https:\/\/twitter.com\/midiaonly\/status\/1965546806848475363?ref_src=twsrc%5Etfw\" rel=\"nofollow noopener\" target=\"_blank\">September 9, 2025<\/a><\/p>\n<\/blockquote>\n<p>A produ\u00e7\u00e3o do programa ainda n\u00e3o divulgou a data em que o epis\u00f3dio ir\u00e1 ao ar.<\/p>\n<p>\t\t\t\t<script async src=\"https:\/\/platform.twitter.com\/widgets.js\" charset=\"utf-8\"><\/script><\/p>\n","protected":false},"excerpt":{"rendered":"Tr\u00eas dos maiores nomes da m\u00fasica brasileira dividiram o mesmo palco nesta ter\u00e7a-feira (9). Os baianos Ivete Sangalo,&hellip;\n","protected":false},"author":2,"featured_media":65299,"comment_status":"","ping_status":"","sticky":false,"template":"","format":"standard","meta":{"footnotes":""},"categories":[145],"tags":[211,210,114,115,32,33],"class_list":{"0":"post-65298","1":"post","2":"type-post","3":"status-publish","4":"format-standard","5":"has-post-thumbnail","7":"category-celebridades","8":"tag-celebridades","9":"tag-celebrities","10":"tag-entertainment","11":"tag-entretenimento","12":"tag-portugal","13":"tag-pt"},"share_on_mastodon":{"url":"","error":""},"_links":{"self":[{"href":"https:\/\/www.europesays.com\/pt\/wp-json\/wp\/v2\/posts\/65298","targetHints":{"allow":["GET"]}}],"collection":[{"href":"https:\/\/www.europesays.com\/pt\/wp-json\/wp\/v2\/posts"}],"about":[{"href":"https:\/\/www.europesays.com\/pt\/wp-json\/wp\/v2\/types\/post"}],"author":[{"embeddable":true,"href":"https:\/\/www.europesays.com\/pt\/wp-json\/wp\/v2\/users\/2"}],"replies":[{"embeddable":true,"href":"https:\/\/www.europesays.com\/pt\/wp-json\/wp\/v2\/comments?post=65298"}],"version-history":[{"count":0,"href":"https:\/\/www.europesays.com\/pt\/wp-json\/wp\/v2\/posts\/65298\/revisions"}],"wp:featuredmedia":[{"embeddable":true,"href":"https:\/\/www.europesays.com\/pt\/wp-json\/wp\/v2\/media\/65299"}],"wp:attachment":[{"href":"https:\/\/www.europesays.com\/pt\/wp-json\/wp\/v2\/media?parent=65298"}],"wp:term":[{"taxonomy":"category","embeddable":true,"href":"https:\/\/www.europesays.com\/pt\/wp-json\/wp\/v2\/categories?post=65298"},{"taxonomy":"post_tag","embeddable":true,"href":"https:\/\/www.europesays.com\/pt\/wp-json\/wp\/v2\/tags?post=65298"}],"curies":[{"name":"wp","href":"https:\/\/api.w.org\/{rel}","templated":true}]}}