{"id":65315,"date":"2025-09-10T05:53:15","date_gmt":"2025-09-10T05:53:15","guid":{"rendered":"https:\/\/www.europesays.com\/pt\/65315\/"},"modified":"2025-09-10T05:53:15","modified_gmt":"2025-09-10T05:53:15","slug":"esta-ex-concorrente-mostra-se-em-fotos-ardentes-com-o-namorado-big-brother","status":"publish","type":"post","link":"https:\/\/www.europesays.com\/pt\/65315\/","title":{"rendered":"Esta ex-concorrente mostra-se em fotos ardentes com o namorado &#8211; Big Brother"},"content":{"rendered":"<p style=\"margin-bottom:11px\"><strong>Tamara Rocha,<\/strong><a href=\"https:\/\/tvi.iol.pt\/bigbrother\/search?pagina=1&amp;pesquisa=tamara+rocha\" rel=\"nofollow noopener\" target=\"_blank\"> ex-concorrente do reality show O Tri\u00e2ngulo<\/a>, tem partilhado momentos marcantes nas redes sociais e conquistado a aten\u00e7\u00e3o dos f\u00e3s. A ex-concorrente <strong>mostra-se numa fase particularmente feli<\/strong>z, tanto a n\u00edvel pessoal como f\u00edsico, e os seguidores n\u00e3o t\u00eam deixado passar despercebida esta nova etapa da sua vida.<\/p>\n<p>O mais recente registo publicado no Instagram deixou claro que<strong> o romance com Tiago Carmo est\u00e1 mais forte do que nunca<\/strong>. No carrossel de fotografias partilhado, o casal surge em momentos de grande cumplicidade e ternura, com destaque para a legenda escolhida por Tamara: <strong>\u00abUs. Always. \u2764\ufe0f\u00bb<\/strong>, que traduzida significa<strong> \u201cN\u00f3s. Sempre.\u201d.<\/strong> A publica\u00e7\u00e3o termina com uma imagem especial que n\u00e3o deixou ningu\u00e9m indiferente: um beijo apaixonado entre os dois, que rapidamente gerou rea\u00e7\u00f5es calorosas e coment\u00e1rios elogiosos por parte dos seguidores.<\/p>\n<p>Al\u00e9m da vida amorosa, <strong><a href=\"https:\/\/tvi.iol.pt\/bigbrother\/search?pagina=1&amp;pesquisa=tamara+rocha\" rel=\"nofollow noopener\" target=\"_blank\">Tamara <\/a>tem dado que falar pela transforma\u00e7\u00e3o f\u00edsica que vem protagonizando nos \u00faltimos meses<\/strong>. A ex-concorrente <strong>revelou j\u00e1 ter perdido 16 quilos<\/strong>, <a href=\"https:\/\/tvi.iol.pt\/bigbrother\/tamara-rocha\/biquini\/irreconhecivel-tamara-rocha-surge-poderosa-em-biquini-apos-perder-22-quilos\" rel=\"nofollow noopener\" target=\"_blank\">resultado de uma rotina disciplinada que inclui treinos no gin\u00e1sio cinco vezes por semana, uma alimenta\u00e7\u00e3o equilibrada e acompanhamento profissional de um Personal Trainer. <\/a>A mudan\u00e7a, vis\u00edvel nas fotografias que partilha, tem servido de inspira\u00e7\u00e3o para muitos dos seus seguidores, que elogiam a sua dedica\u00e7\u00e3o e for\u00e7a de vontade.<\/p>\n<p>Com amor e determina\u00e7\u00e3o, <a href=\"https:\/\/tvi.iol.pt\/bigbrother\/search?pagina=1&amp;pesquisa=tamara+rocha\" rel=\"nofollow noopener\" target=\"_blank\">Tamara Rocha<\/a> continua a escrever um novo cap\u00edtulo da sua vida, mostrando-se <strong>confiante, feliz e cada vez mais realizada<\/strong>.<\/p>\n<p style=\"margin-bottom:11px\">\u00a0<\/p>\n","protected":false},"excerpt":{"rendered":"Tamara Rocha, ex-concorrente do reality show O Tri\u00e2ngulo, tem partilhado momentos marcantes nas redes sociais e conquistado a&hellip;\n","protected":false},"author":2,"featured_media":21549,"comment_status":"","ping_status":"","sticky":false,"template":"","format":"standard","meta":{"footnotes":""},"categories":[142],"tags":[331,48,329,333,328,335,336,114,115,334,332,330,13,32,33,7791,151,162,227],"class_list":{"0":"post-65315","1":"post","2":"type-post","3":"status-publish","4":"format-standard","5":"has-post-thumbnail","7":"category-tv","8":"tag-big","9":"tag-big-brother","10":"tag-claudio-ramos","11":"tag-comentadores","12":"tag-concorrentes","13":"tag-confrontos","14":"tag-discussoes","15":"tag-entertainment","16":"tag-entretenimento","17":"tag-exclusivos","18":"tag-expulso","19":"tag-gala","20":"tag-noticias","21":"tag-portugal","22":"tag-pt","23":"tag-tamara-rocha","24":"tag-tv","25":"tag-tvi","26":"tag-videos"},"share_on_mastodon":{"url":"","error":""},"_links":{"self":[{"href":"https:\/\/www.europesays.com\/pt\/wp-json\/wp\/v2\/posts\/65315","targetHints":{"allow":["GET"]}}],"collection":[{"href":"https:\/\/www.europesays.com\/pt\/wp-json\/wp\/v2\/posts"}],"about":[{"href":"https:\/\/www.europesays.com\/pt\/wp-json\/wp\/v2\/types\/post"}],"author":[{"embeddable":true,"href":"https:\/\/www.europesays.com\/pt\/wp-json\/wp\/v2\/users\/2"}],"replies":[{"embeddable":true,"href":"https:\/\/www.europesays.com\/pt\/wp-json\/wp\/v2\/comments?post=65315"}],"version-history":[{"count":0,"href":"https:\/\/www.europesays.com\/pt\/wp-json\/wp\/v2\/posts\/65315\/revisions"}],"wp:featuredmedia":[{"embeddable":true,"href":"https:\/\/www.europesays.com\/pt\/wp-json\/wp\/v2\/media\/21549"}],"wp:attachment":[{"href":"https:\/\/www.europesays.com\/pt\/wp-json\/wp\/v2\/media?parent=65315"}],"wp:term":[{"taxonomy":"category","embeddable":true,"href":"https:\/\/www.europesays.com\/pt\/wp-json\/wp\/v2\/categories?post=65315"},{"taxonomy":"post_tag","embeddable":true,"href":"https:\/\/www.europesays.com\/pt\/wp-json\/wp\/v2\/tags?post=65315"}],"curies":[{"name":"wp","href":"https:\/\/api.w.org\/{rel}","templated":true}]}}