{"id":65328,"date":"2025-09-10T06:18:13","date_gmt":"2025-09-10T06:18:13","guid":{"rendered":"https:\/\/www.europesays.com\/pt\/65328\/"},"modified":"2025-09-10T06:18:13","modified_gmt":"2025-09-10T06:18:13","slug":"medica-faz-alerta-sobre-diagnostico-quase-invisivel-de-virginia-fonseca-com-ferimentos-na-pele","status":"publish","type":"post","link":"https:\/\/www.europesays.com\/pt\/65328\/","title":{"rendered":"m\u00e9dica faz alerta sobre diagn\u00f3stico quase invis\u00edvel de Virg\u00ednia Fonseca com ferimentos na pele"},"content":{"rendered":"<p>\n                        Virg\u00ednia Fonseca enfrenta ansiedade e tem o costume de &#8216;comer o dedo&#8217;. Veja o que uma m\u00e9dica especialista diz sobre o assunto!\n                    <\/p>\n<p><img loading=\"lazy\" decoding=\"async\" alt=\"M\u00e9dica alerta sobre diagn\u00f3stico de Virg\u00ednia Fonseca que pode causar ferimentos na pele: 'Devem buscar ajuda m\u00e9dica e psicol\u00f3gica'.\" class=\"img-d7883d2ed0a6ade175a5fb6ac5ef80cc1rcuo9jz\" height=\"455\" src=\"https:\/\/www.europesays.com\/pt\/wp-content\/uploads\/2025\/09\/1497807650-ee4a48db7c2bac8f-1400x823-1.jpg\"  title=\"M\u00e9dica alerta sobre diagn\u00f3stico de Virg\u00ednia Fonseca que pode causar ferimentos na pele: 'Devem buscar ajuda m\u00e9dica e psicol\u00f3gica'.\" width=\"774\"\/><\/p>\n<p>M\u00e9dica alerta sobre diagn\u00f3stico de Virg\u00ednia Fonseca que pode causar ferimentos na pele: &#8216;Devem buscar ajuda m\u00e9dica e psicol\u00f3gica&#8217;.<\/p>\n<p>Foto: Reprodu\u00e7\u00e3o\/Instagram, @virginia \/ Purepeople<\/p>\n<p class=\"text\"><a href=\"https:\/\/www.purepeople.com.br\/noticia\/os-10-brasileiros-mais-seguidos-do-instagram-bruna-marquezine-deixa-a-lista-veja-o-ranking-completo_a410683\/1\" rel=\"nofollow noopener\" target=\"_blank\">Hoje a principal influenciadora digital do Brasil<\/a>, <a href=\"https:\/\/www.purepeople.com.br\/famosos\/virginia-fonseca_p553829\" rel=\"nofollow noopener\" target=\"_blank\"><strong>Virg\u00ednia Fonseca<\/strong><\/a> concilia sua vida p\u00fablica e cria\u00e7\u00e3o dos tr\u00eas filhos com v\u00e1rios projetos, <a href=\"https:\/\/www.purepeople.com.br\/noticia\/virginia-estava-bebada-em-live-da-wepink-atitude-da-influencer-faz-web-lembrar-briga-com-ze-felipe-entenda_a409536\/1\" rel=\"nofollow noopener\" target=\"_blank\">incluindo suas empresas, em especial a <strong>WePink<\/strong><\/a>. Tamb\u00e9m apresentadora, a ex-esposa de <a href=\"https:\/\/www.purepeople.com.br\/famosos\/ze-felipe_p553420\" rel=\"nofollow noopener\" target=\"_blank\"><strong>Z\u00e9 Felipe<\/strong><\/a> j\u00e1 foi definida pelo cantor como &#8216;<strong>workaholic<\/strong>&#8216;, termo que define uma pessoa viciada em trabalho.<\/p>\n<p class=\"text\">Tudo isso, junto da <a href=\"https:\/\/www.purepeople.com.br\/noticia\/virginia-fonseca-expoe-ferimento-por-ansiedade-apos-prova-de-rompimento-definitivo-com-ze-felipe_a411295\/1\" rel=\"nofollow noopener\" target=\"_blank\">vida p\u00fablica que constantemente a envolve em pol\u00eamicas<\/a>, ajudam a manter um <strong>diagn\u00f3stico de ansiedade<\/strong>. Nas redes sociais, Virg\u00ednia n\u00e3o esconde o fato e j\u00e1 mostrou em diversas ocasi\u00f5es que chega a machucar a beirada das unhas de tanto ro\u00ea-las, um dos claros sintomas de uma pessoa ansiosa.\u00a0<\/p>\n<p class=\"text\">Em uma din\u00e2mica recente no &#8216;Sabadou&#8217;, Virg\u00ednia revelou que costuma colocar unhas de gel para evitar ficar roendo as beiradas, um costume que, segundo ela, vem desde a inf\u00e2ncia: &#8220;Se eu n\u00e3o ficar com unhas de gel, eu como todos [cantos dos dedos], de sangrar e ficar muito machucado&#8221;, contou.<\/p>\n<p class=\"text\">Mas, <a href=\"https:\/\/www.purepeople.com.br\/noticia\/o-que-comer-para-passar-a-ansiedade-apos-crises-de-virginia-fonseca-confira-dicas-de-especialista_a411302\/1\" rel=\"nofollow noopener\" target=\"_blank\">muito al\u00e9m de ch\u00e1s e componentes que podem a ajudar a melhorar este quesito<\/a>, \u00e9 necess\u00e1rio ressaltar a import\u00e2ncia da ajuda profissional em casos de ansiedade. Em entrevista ao Daily Mail, a m\u00e9dica <strong>Dana Brems<\/strong> explicou que muitas pessoas t\u00eam <strong>dermatilomania<\/strong> e nem percebem.<\/p>\n<p class=\"text\">Para quem ainda n\u00e3o conhece o termo, a dermatilomania \u00e9 uma condi\u00e7\u00e3o atrelada \u00e0 sa\u00fade mental e pertencente ao espectro dos transtornos obsessivos-compulsivos, conhecidos popularmente como TOCs. Ela se caracteriza por levar a pessoa a arranhar, puxar e apertar a pr\u00f3pria pele, especialmente na regi\u00e3&#8230;<\/p>\n<p class=\"text\"><a href=\"https:\/\/www.purepeople.com.br\/noticia\/medica-faz-alerta-sobre-condicao-de-virginia-fonseca-com-ferimentos-na-pele-devem-buscar-ajuda-medica-e-psicologica_a411315\/1\" rel=\"nofollow noopener\" target=\"_blank\">Veja mais<\/a><\/p>\n<p class=\"text\"><b>Mat\u00e9rias relacionadas<\/b><\/p>\n<p class=\"text\"><a href=\"https:\/\/www.purepeople.com.br\/noticia\/esperma-de-salmao-na-pele-procedimento-conquista-famosas-como-virginia-fonseca-e-demi-moore-e-medica-comenta-principais-duvidas_a406651\/1\" rel=\"nofollow noopener\" target=\"_blank\">Esperma de salm\u00e3o faz bem para a pele? Procedimento conquista famosas como Virg\u00ednia Fonseca e Demi Moore e m\u00e9dica tira principais d\u00favidas<\/a><\/p>\n<p class=\"text\"><a href=\"https:\/\/www.purepeople.com.br\/noticia\/virginia-fonseca-e-mais-famosas-tem-doenca-sem-cura-que-causa-vomitos-medica-alerta-para-medicamentos-nao-tratam_a407854\/1\" rel=\"nofollow noopener\" target=\"_blank\">Virg\u00ednia, Paula Fernandes e Claudia Raia t\u00eam doen\u00e7a sem cura definitiva e que pode ser incapacitante; m\u00e9dico faz alerta: &#8216;Medicamentos n\u00e3o tratam&#8217;<\/a><\/p>\n<p class=\"text\"><a href=\"https:\/\/www.purepeople.com.br\/noticia\/virginia-fonseca-como-rainha-de-bateria-ganha-abaixo-assinado-de-mulher-abacaxi-que-se-revolta-e-fala-em-bom-senso_a407257\/1\" rel=\"nofollow noopener\" target=\"_blank\">Abaixo-assinado contra Virginia Fonseca na Sapuca\u00ed! Rainha de bateria famosa contesta escolha e faz apelo: &#8216;Ela deveria ter bom senso&#8217;<\/a><\/p>\n<p class=\"text\"><a href=\"https:\/\/www.purepeople.com.br\/noticia\/busca-pelo-corpo-ideal-com-canetas-emagrecedoras-esconde-um-risco-silencioso-medico-faz-importante-alerta_a407782\/1\" rel=\"nofollow noopener\" target=\"_blank\">Busca pelo &#8216;corpo ideal&#8217; com canetas emagrecedoras esconde um risco silencioso; m\u00e9dico faz importante alerta<\/a><\/p>\n<p class=\"text\"><a href=\"https:\/\/www.purepeople.com.br\/noticia\/o-que-e-escoliose-doenca-na-coluna-da-filha-de-rodrigo-faro-e-vera-viel-medico-alerta-para-sinais-bem-discretos-e-tratamento_a406968\/1\" rel=\"nofollow noopener\" target=\"_blank\">M\u00e9dico especialista alerta sobre diagn\u00f3stico de filha de Faro e Vera Viel: &#8216;Pode evitar a necessidade de interven\u00e7\u00e3o cir\u00fargica&#8217;<\/a><\/p>\n","protected":false},"excerpt":{"rendered":"Virg\u00ednia Fonseca enfrenta ansiedade e tem o costume de &#8216;comer o dedo&#8217;. Veja o que uma m\u00e9dica especialista&hellip;\n","protected":false},"author":2,"featured_media":65329,"comment_status":"","ping_status":"","sticky":false,"template":"","format":"standard","meta":{"footnotes":""},"categories":[145],"tags":[211,210,114,115,32,33],"class_list":{"0":"post-65328","1":"post","2":"type-post","3":"status-publish","4":"format-standard","5":"has-post-thumbnail","7":"category-celebridades","8":"tag-celebridades","9":"tag-celebrities","10":"tag-entertainment","11":"tag-entretenimento","12":"tag-portugal","13":"tag-pt"},"share_on_mastodon":{"url":"","error":""},"_links":{"self":[{"href":"https:\/\/www.europesays.com\/pt\/wp-json\/wp\/v2\/posts\/65328","targetHints":{"allow":["GET"]}}],"collection":[{"href":"https:\/\/www.europesays.com\/pt\/wp-json\/wp\/v2\/posts"}],"about":[{"href":"https:\/\/www.europesays.com\/pt\/wp-json\/wp\/v2\/types\/post"}],"author":[{"embeddable":true,"href":"https:\/\/www.europesays.com\/pt\/wp-json\/wp\/v2\/users\/2"}],"replies":[{"embeddable":true,"href":"https:\/\/www.europesays.com\/pt\/wp-json\/wp\/v2\/comments?post=65328"}],"version-history":[{"count":0,"href":"https:\/\/www.europesays.com\/pt\/wp-json\/wp\/v2\/posts\/65328\/revisions"}],"wp:featuredmedia":[{"embeddable":true,"href":"https:\/\/www.europesays.com\/pt\/wp-json\/wp\/v2\/media\/65329"}],"wp:attachment":[{"href":"https:\/\/www.europesays.com\/pt\/wp-json\/wp\/v2\/media?parent=65328"}],"wp:term":[{"taxonomy":"category","embeddable":true,"href":"https:\/\/www.europesays.com\/pt\/wp-json\/wp\/v2\/categories?post=65328"},{"taxonomy":"post_tag","embeddable":true,"href":"https:\/\/www.europesays.com\/pt\/wp-json\/wp\/v2\/tags?post=65328"}],"curies":[{"name":"wp","href":"https:\/\/api.w.org\/{rel}","templated":true}]}}